{"id":114,"date":"2022-11-25T13:44:02","date_gmt":"2022-11-25T12:44:02","guid":{"rendered":"https:\/\/osfmdejavnosti.splet.arnes.si\/?p=114"},"modified":"2022-12-15T09:37:09","modified_gmt":"2022-12-15T08:37:09","slug":"114","status":"publish","type":"post","link":"https:\/\/dejavnosti.fmalgaja.si\/?p=114","title":{"rendered":"Prvi uradni obisk delegacije O\u0160 Franja Malgaja v Po\u017eegi"},"content":{"rendered":"<p>[et_pb_section fb_built=&#8221;1&#8243; _builder_version=&#8221;4.18.0&#8243; background_color=&#8221;#0693e3&#8243; custom_margin=&#8221;-50px||||false|false&#8221; global_colors_info=&#8221;{}&#8221;][et_pb_row _builder_version=&#8221;4.18.0&#8243; _module_preset=&#8221;default&#8221; background_color=&#8221;#FFFFFF&#8221; background_size=&#8221;initial&#8221; background_position=&#8221;top_left&#8221; background_repeat=&#8221;repeat&#8221; custom_margin=&#8221;20px||20px||false|false&#8221; custom_padding=&#8221;40px|40px|40px|40px|true|true&#8221; box_shadow_style=&#8221;preset2&#8243; global_colors_info=&#8221;{}&#8221;][et_pb_column type=&#8221;4_4&#8243; _builder_version=&#8221;4.18.0&#8243; _module_preset=&#8221;default&#8221; global_colors_info=&#8221;{}&#8221;][et_pb_image src=&#8221;https:\/\/dejavnosti.fmalgaja.si\/files\/2022\/12\/osEO-napis-glava-prispevka.jpg&#8221; title_text=&#8221;osEO-napis-glava-prispevka&#8221; align=&#8221;center&#8221; _builder_version=&#8221;4.18.0&#8243; _module_preset=&#8221;default&#8221; global_colors_info=&#8221;{}&#8221; locked=&#8221;off&#8221;][\/et_pb_image][\/et_pb_column][\/et_pb_row][et_pb_row column_structure=&#8221;3_4,1_4&#8243; _builder_version=&#8221;4.18.0&#8243; background_color=&#8221;#FFFFFF&#8221; background_size=&#8221;initial&#8221; background_position=&#8221;top_left&#8221; background_repeat=&#8221;repeat&#8221; custom_padding=&#8221;40px|40px|40px|40px|true|true&#8221; box_shadow_style=&#8221;preset2&#8243; global_colors_info=&#8221;{}&#8221;][et_pb_column type=&#8221;3_4&#8243; _builder_version=&#8221;4.16&#8243; custom_padding=&#8221;|||&#8221; global_colors_info=&#8221;{}&#8221; custom_padding__hover=&#8221;|||&#8221;][et_pb_post_title meta=&#8221;off&#8221; _builder_version=&#8221;4.18.0&#8243; _module_preset=&#8221;default&#8221; title_font=&#8221;|700|||||||&#8221; title_text_color=&#8221;#e09900&#8243; global_colors_info=&#8221;{}&#8221;][\/et_pb_post_title][et_pb_text _builder_version=&#8221;4.18.0&#8243; background_size=&#8221;initial&#8221; background_position=&#8221;top_left&#8221; background_repeat=&#8221;repeat&#8221; global_colors_info=&#8221;{}&#8221;]<\/p>\n<p>Oktobra 2022 smo prvi\u010d obiskali O\u0160 Emilija Ostoji\u0107 iz Po\u017eege (Srbija). Na pobudo Ob\u010dine \u0160entjur smo obudili sodelovanje med \u0161olama.<\/p>\n<p>Na prvem uradnem sre\u010danju&nbsp; sta ravnatelja obeh \u0161ol podpisala listino o \u0161olskem partnerstvu in sodelovanju ter s tem simboli\u010dnem dejanjem u\u010dencem in u\u010diteljem odprla vrata ponovnega medkulturnega sodelovanja, jezikovnega izpopolnjevanja, razvijanja samostojnosti, predvsem pa obuditvi nekaj \u010dasa zamrlih, a nikoli pozabljenih prijateljskih vezi med obema \u0161olama.<\/p>\n<p>Dogovorili smo se, da bomo aktivnosti izvajali&nbsp;med&nbsp;\u0161olskim letom, dvakrat letno pa organizirali enotedensko izmenjavo u\u010dencev in zaposlenih. &nbsp;&nbsp;<\/p>\n<p>Na gostiteljevo posebno povabilo se je odzval tudi na\u0161 nekdanji in dolgoletni ravnatelj, g. Marjan Gradi\u0161nik, ki je skupaj s tedanjim ravnateljem in kasneje tudi \u017eupanom Po\u017eege g. Mio\u010di\u0107em&nbsp;tvorno sodeloval v duhu pobratenja obeh \u0161ol, na kar ima veliko nekdanjih u\u010dencev obeh \u0161ol, danes pa star\u0161ev in starih star\u0161ev na\u0161ih u\u010dencev, zelo prijetne spomine.&#8221;<\/p>\nngg_shortcode_0_placeholder\n<p>[\/et_pb_text][\/et_pb_column][et_pb_column type=&#8221;1_4&#8243; _builder_version=&#8221;4.16&#8243; custom_padding=&#8221;|||&#8221; global_colors_info=&#8221;{}&#8221; custom_padding__hover=&#8221;|||&#8221;][et_pb_text _builder_version=&#8221;4.18.0&#8243; _module_preset=&#8221;default&#8221; custom_padding=&#8221;20px|20px|20px|20px|true|true&#8221; box_shadow_style=&#8221;preset2&#8243; global_colors_info=&#8221;{}&#8221;]<\/p>\n<p><strong>Ve\u010d prispevkov v projektu sodelovanja z O\u0160 Emilij  Ostoji\u0107:<br \/><\/strong><\/p>\n<p>[\/et_pb_text][et_pb_blog include_categories=&#8221;2&#8243; show_thumbnail=&#8221;off&#8221; use_manual_excerpt=&#8221;off&#8221; show_author=&#8221;off&#8221; show_date=&#8221;off&#8221; show_categories=&#8221;off&#8221; show_excerpt=&#8221;off&#8221; _builder_version=&#8221;4.18.0&#8243; _module_preset=&#8221;default&#8221; header_font=&#8221;|700|||||||&#8221; header_font_size=&#8221;14px&#8221; header_line_height=&#8221;1.2em&#8221; custom_margin=&#8221;-18px||||false|false&#8221; custom_padding=&#8221;20px|20px|20px|20px|true|true&#8221; box_shadow_style=&#8221;preset2&#8243; global_colors_info=&#8221;{}&#8221;][\/et_pb_blog][\/et_pb_column][\/et_pb_row][\/et_pb_section][et_pb_section fb_built=&#8221;1&#8243; _builder_version=&#8221;4.18.0&#8243; _module_preset=&#8221;default&#8221; background_color=&#8221;#d3d3d3&#8243; custom_margin=&#8221;20px||||false|false&#8221; global_module=&#8221;226&#8243; saved_tabs=&#8221;all&#8221; global_colors_info=&#8221;{}&#8221;][et_pb_row _builder_version=&#8221;4.18.0&#8243; _module_preset=&#8221;default&#8221; global_colors_info=&#8221;{}&#8221;][et_pb_column type=&#8221;4_4&#8243; _builder_version=&#8221;4.18.0&#8243; _module_preset=&#8221;default&#8221; global_colors_info=&#8221;{}&#8221;][et_pb_text _builder_version=&#8221;4.18.0&#8243; _module_preset=&#8221;default&#8221; width=&#8221;100%&#8221; global_colors_info=&#8221;{}&#8221;]<\/p>\n<table class=\" alignleft\" style=\"width: 100%\" bgcolor=\"#ffffff\">\n<tbody>\n<tr>\n<td><img loading=\"lazy\" decoding=\"async\" class=\"wp-image-199 alignnone size-full\" src=\"https:\/\/dejavnosti.fmalgaja.si\/files\/2022\/11\/osfm-NazivInNaslov.jpg\" alt=\"\" width=\"293\" height=\"98\"><\/td>\n<td><img loading=\"lazy\" decoding=\"async\" class=\"wp-image-4 alignnone  alignright\" src=\"https:\/\/dejavnosti.fmalgaja.si\/files\/2022\/10\/logo-150x150-1.png\" alt=\"\" width=\"100\" height=\"100\"><\/td>\n<\/tr>\n<\/tbody>\n<\/table>\n<p>[\/et_pb_text][\/et_pb_column][\/et_pb_row][\/et_pb_section]<\/p>\n","protected":false},"excerpt":{"rendered":"<p>Oktobra 2022 smo prvi\u010d obiskali O\u0160 Emilija Ostoji\u0107 iz Po\u017eege (Srbija). Na pobudo Ob\u010dine \u0160entjur smo obudili sodelovanje med \u0161olama. Na prvem uradnem sre\u010danju&nbsp; sta ravnatelja obeh \u0161ol podpisala listino o \u0161olskem partnerstvu in sodelovanju ter s tem simboli\u010dnem dejanjem u\u010dencem in u\u010diteljem odprla vrata ponovnega medkulturnega sodelovanja, jezikovnega izpopolnjevanja, razvijanja samostojnosti, predvsem pa obuditvi [&hellip;]<\/p>\n","protected":false},"author":4407,"featured_media":0,"comment_status":"closed","ping_status":"closed","sticky":false,"template":"","format":"standard","meta":{"_et_pb_use_builder":"on","_et_pb_old_content":"Na prvem uradnem sre\u010danju oktobra 2022 sta ravnatelja obeh \u0161ol podpisala listino o \u0161olskem partnerstvu in sodelovanju. S tem simboli\u010dnem dejanjem sta u\u010dencem in u\u010diteljem odprla vrata ponovnega medkulturnega sodelovanja, jezikovnega izpopolnjevanja, razvijanja samostojnosti, predvsem pa obuditvi nekaj \u010dasa zamrlih, a nikoli pozabljenih prijateljskih vezi med obema \u0161olama.\r\n\r\nDogovorili smo se, da bomo aktivnosti izvajali\u00a0med\u00a0\u0161olskim letom, dvakrat letno pa organizirali enotedensko izmenjavo u\u010dencev in zaposlenih. \u00a0\u00a0\r\n\r\nNa gostiteljevo posebno povabilo se je odzval tudi na\u0161 nekdanji in dolgoletni ravnatelj, g. Marjan Gradi\u0161nik, ki je skupaj s tedanjim ravnateljem in kasneje tudi \u017eupanom Po\u017eege g. Mio\u010di\u0107em\u00a0tvorno sodeloval v duhu pobratenja obeh \u0161ol, na kar ima veliko nekdanjih u\u010dencev obeh \u0161ol, danes pa star\u0161ev in starih star\u0161ev na\u0161ih u\u010dencev, zelo prijetne spomine.\"\r\n\r\n[ngg src=\"galleries\" ids=\"1\" display=\"basic_thumbnail\" thumbnail_crop=\"0\"]\u00a0","_et_gb_content_width":"","ngg_post_thumbnail":0,"footnotes":"","_expiration-date-status":"saved","_expiration-date":0,"_expiration-date-type":"","_expiration-date-categories":[],"_expiration-date-options":[]},"categories":[2],"tags":[],"class_list":["post-114","post","type-post","status-publish","format-standard","hentry","category-osfm-oseo"],"_links":{"self":[{"href":"https:\/\/dejavnosti.fmalgaja.si\/index.php?rest_route=\/wp\/v2\/posts\/114","targetHints":{"allow":["GET"]}}],"collection":[{"href":"https:\/\/dejavnosti.fmalgaja.si\/index.php?rest_route=\/wp\/v2\/posts"}],"about":[{"href":"https:\/\/dejavnosti.fmalgaja.si\/index.php?rest_route=\/wp\/v2\/types\/post"}],"author":[{"embeddable":true,"href":"https:\/\/dejavnosti.fmalgaja.si\/index.php?rest_route=\/wp\/v2\/users\/4407"}],"replies":[{"embeddable":true,"href":"https:\/\/dejavnosti.fmalgaja.si\/index.php?rest_route=%2Fwp%2Fv2%2Fcomments&post=114"}],"version-history":[{"count":9,"href":"https:\/\/dejavnosti.fmalgaja.si\/index.php?rest_route=\/wp\/v2\/posts\/114\/revisions"}],"predecessor-version":[{"id":604,"href":"https:\/\/dejavnosti.fmalgaja.si\/index.php?rest_route=\/wp\/v2\/posts\/114\/revisions\/604"}],"wp:attachment":[{"href":"https:\/\/dejavnosti.fmalgaja.si\/index.php?rest_route=%2Fwp%2Fv2%2Fmedia&parent=114"}],"wp:term":[{"taxonomy":"category","embeddable":true,"href":"https:\/\/dejavnosti.fmalgaja.si\/index.php?rest_route=%2Fwp%2Fv2%2Fcategories&post=114"},{"taxonomy":"post_tag","embeddable":true,"href":"https:\/\/dejavnosti.fmalgaja.si\/index.php?rest_route=%2Fwp%2Fv2%2Ftags&post=114"}],"curies":[{"name":"wp","href":"https:\/\/api.w.org\/{rel}","templated":true}]}}