{"id":1157,"date":"2023-04-02T14:06:16","date_gmt":"2023-04-02T12:06:16","guid":{"rendered":"https:\/\/osfmdejavnosti.splet.arnes.si\/?p=1157"},"modified":"2023-04-08T15:01:52","modified_gmt":"2023-04-08T13:01:52","slug":"gradec-30-3-in-5-4-2023","status":"publish","type":"post","link":"https:\/\/dejavnosti.fmalgaja.si\/?p=1157","title":{"rendered":"Gradec: 30. 3. in 5. 4. 2023"},"content":{"rendered":"<p>[et_pb_section fb_built=&#8221;1&#8243; _builder_version=&#8221;4.18.0&#8243; background_color=&#8221;#0693e3&#8243; custom_margin=&#8221;-50px||||false|false&#8221; global_colors_info=&#8221;{}&#8221;][et_pb_row _builder_version=&#8221;4.18.0&#8243; _module_preset=&#8221;default&#8221; background_color=&#8221;#FFFFFF&#8221; background_size=&#8221;initial&#8221; background_position=&#8221;top_left&#8221; background_repeat=&#8221;repeat&#8221; custom_margin=&#8221;20px||20px||false|false&#8221; custom_padding=&#8221;40px|40px|40px|40px|true|true&#8221; box_shadow_style=&#8221;preset2&#8243; global_colors_info=&#8221;{}&#8221;][et_pb_column type=&#8221;4_4&#8243; _builder_version=&#8221;4.18.0&#8243; _module_preset=&#8221;default&#8221; global_colors_info=&#8221;{}&#8221;][et_pb_image src=&#8221;https:\/\/dejavnosti.fmalgaja.si\/files\/2022\/12\/Solske-Ekskurzije-napis-glava-prispevka.jpg&#8221; title_text=&#8221;Solske-Ekskurzije-napis-glava-prispevka&#8221; align=&#8221;center&#8221; _builder_version=&#8221;4.18.0&#8243; _module_preset=&#8221;default&#8221; global_colors_info=&#8221;{}&#8221;][\/et_pb_image][\/et_pb_column][\/et_pb_row][et_pb_row column_structure=&#8221;3_4,1_4&#8243; _builder_version=&#8221;4.18.0&#8243; background_color=&#8221;#FFFFFF&#8221; background_size=&#8221;initial&#8221; background_position=&#8221;top_left&#8221; background_repeat=&#8221;repeat&#8221; custom_padding=&#8221;40px|40px|40px|40px|true|true&#8221; box_shadow_style=&#8221;preset2&#8243; global_colors_info=&#8221;{}&#8221;][et_pb_column type=&#8221;3_4&#8243; _builder_version=&#8221;4.16&#8243; custom_padding=&#8221;|||&#8221; global_colors_info=&#8221;{}&#8221; custom_padding__hover=&#8221;|||&#8221;][et_pb_post_title meta=&#8221;off&#8221; _builder_version=&#8221;4.18.0&#8243; _module_preset=&#8221;default&#8221; title_font=&#8221;|700|||||||&#8221; title_text_color=&#8221;#e09900&#8243; global_colors_info=&#8221;{}&#8221;][\/et_pb_post_title][et_pb_text admin_label=&#8221;VSEBINA PRISPEVKA ( besedilo + galerija slik )&#8221; _builder_version=&#8221;4.18.0&#8243; background_size=&#8221;initial&#8221; background_position=&#8221;top_left&#8221; background_repeat=&#8221;repeat&#8221; hover_enabled=&#8221;0&#8243; global_colors_info=&#8221;{}&#8221; sticky_enabled=&#8221;0&#8243;]<\/p>\n<h2 style=\"text-align: center\"><strong>\u017divalski vrt Herberstein, Gradec in grajski gri\u010d Schlo\u00dfberg:<\/strong><\/h2>\n<h4 style=\"text-align: center\">jezikovna ekskurzija za u\u010dence 4. \u2013 7. razreda izbirnega predmeta nem\u0161\u010dina<\/h4>\n<p>&nbsp;<\/p>\n<p>V \u010detrtek, 30. marca, smo se z u\u010denci 5. in 7. razreda pri izbirnem predmetu nem\u0161\u010dina odpravili na enodnevno ekskurzijo, v glavno mesto avstrijske zvezne de\u017eele \u0160tajerska &#8211; Gradec.<\/p>\n<p>Sprehodili smo se po mestnem jedru, ki so ga leta 1999 vpisali na seznam Unescove svetovne naravne in kulturne dedi\u0161\u010dine. Uli\u010dice vodijo do fran\u010di\u0161kanske cerkve, de\u017eelne hi\u0161e, mestne farne cerkve, katedrale, mimo \u0161tevilnih muzejev in pomembnih kulturnih stavb. Z zobato \u017eeleznico smo se povzpeli na trdnjavo, kjer kraljuje znameniti urin stolp, simbol Gradca, ki se mogo\u010dno dviguje nad starim mestom na grajskem gri\u010du Schlo\u00dfberg.<\/p>\n<p>Nato smo se zapeljali do parka in starega gradu Herberstein, ki stoji skrit nad reko Bistrico. Rodbina Herberstein \u017eivi na gradu \u017ee od leta 1290. Rodbina plemi\u010dev Herberstein je povezana tudi s slovensko zgodovino. Na Slovenskem so \u017eiveli med 15. in 20. stoletjem, po drugi svetovni vojni pa so Slovenijo zapustili. Pri nas so imeli \u0161tevilna posestva in gradove, med njimi grad Hrastovec, grad Podsreda, dvorec Dornava pri Ptuju, vila Herberstein v Velenju in \u0161e bi se jih na\u0161lo. Leta 1667 je tedanji lastnik pri\u010del z vzrejo damjakov, kar je bil za\u010detek \u017eivalskega vrta, ki smo si ga ogledali. Podali smo se na potovanje \u010dez vse celine, z ve\u010d kot 700 \u017eivalmi, odkrivali male in velike skrivnosti \u017eivalskega sveta, sli\u0161ali zanimive zgodbe, izvedeli kak\u0161no podrobnost o \u017eivalskih vrstah ter na\u010dinu in zahtevah posameznih \u017eivali.<\/p>\n<p>Pre\u017eiveli smo aktiven in zabaven dan ter domov prispeli&nbsp;polni lepih vtisov, ki nam bodo vsakemu posebej&nbsp;ostali&nbsp;v prijetnem spominu.<\/p>\n<p>Nem\u0161ki jezik je za u\u010dence postal \u0161e zanimivej\u0161i in tak\u0161na popestritev pouka ter prakti\u010dna raba jezika v tujejezi\u010dnem okolju je dobra spodbuda za nadaljnjo u\u010denje.<\/p>\nngg_shortcode_0_placeholder\n<p>V sredo, 5. aprila, so se na tovrstno ekskurzijo odpravili \u0161e u\u010denci 4. in 6. razreda, ki obiskujejo izbirni predmet nem\u0161\u010dina.<\/p>\nngg_shortcode_1_placeholder\n<p>[\/et_pb_text][\/et_pb_column][et_pb_column type=&#8221;1_4&#8243; _builder_version=&#8221;4.16&#8243; custom_padding=&#8221;|||&#8221; global_colors_info=&#8221;{}&#8221; custom_padding__hover=&#8221;|||&#8221;][et_pb_text admin_label=&#8221;Text&#8221; _builder_version=&#8221;4.18.0&#8243; _module_preset=&#8221;default&#8221; custom_padding=&#8221;20px|20px|20px|20px|true|true&#8221; box_shadow_style=&#8221;preset2&#8243; global_colors_info=&#8221;{}&#8221;]<strong>Ve\u010d prispevkov v projektu \u0161olskih ekskurzij v tujino:<br \/>\n<\/strong><br \/>\n[\/et_pb_text][et_pb_blog posts_number=&#8221;5&#8243; include_categories=&#8221;12&#8243; show_thumbnail=&#8221;off&#8221; use_manual_excerpt=&#8221;off&#8221; show_author=&#8221;off&#8221; show_date=&#8221;off&#8221; show_categories=&#8221;off&#8221; show_excerpt=&#8221;off&#8221; _builder_version=&#8221;4.18.0&#8243; _module_preset=&#8221;default&#8221; header_font=&#8221;|700|||||||&#8221; header_font_size=&#8221;14px&#8221; header_line_height=&#8221;1.2em&#8221; custom_margin=&#8221;-18px||||false|false&#8221; custom_padding=&#8221;20px|20px|20px|20px|true|true&#8221; custom_css_content=&#8221;margin-bottom: -20px;&#8221; box_shadow_style=&#8221;preset2&#8243; global_colors_info=&#8221;{}&#8221;][\/et_pb_blog][\/et_pb_column][\/et_pb_row][\/et_pb_section][et_pb_section fb_built=&#8221;1&#8243; _builder_version=&#8221;4.18.0&#8243; _module_preset=&#8221;default&#8221; background_color=&#8221;#d3d3d3&#8243; custom_margin=&#8221;20px||||false|false&#8221; global_module=&#8221;226&#8243; saved_tabs=&#8221;all&#8221; global_colors_info=&#8221;{}&#8221;][et_pb_row _builder_version=&#8221;4.18.0&#8243; _module_preset=&#8221;default&#8221; global_colors_info=&#8221;{}&#8221;][et_pb_column type=&#8221;4_4&#8243; _builder_version=&#8221;4.18.0&#8243; _module_preset=&#8221;default&#8221; global_colors_info=&#8221;{}&#8221;][et_pb_text _builder_version=&#8221;4.18.0&#8243; _module_preset=&#8221;default&#8221; width=&#8221;100%&#8221; global_colors_info=&#8221;{}&#8221;]<\/p>\n<table class=\" alignleft\" style=\"width: 100%\" bgcolor=\"#ffffff\">\n<tbody>\n<tr>\n<td><img loading=\"lazy\" decoding=\"async\" class=\"wp-image-199 alignnone size-full\" src=\"https:\/\/dejavnosti.fmalgaja.si\/files\/2022\/11\/osfm-NazivInNaslov.jpg\" alt=\"\" width=\"293\" height=\"98\"><\/td>\n<td><img loading=\"lazy\" decoding=\"async\" class=\"wp-image-4 alignnone  alignright\" src=\"https:\/\/dejavnosti.fmalgaja.si\/files\/2022\/10\/logo-150x150-1.png\" alt=\"\" width=\"100\" height=\"100\"><\/td>\n<\/tr>\n<\/tbody>\n<\/table>\n<p>[\/et_pb_text][\/et_pb_column][\/et_pb_row][\/et_pb_section]<\/p>\n","protected":false},"excerpt":{"rendered":"<p>\u017divalski vrt Herberstein, Gradec in grajski gri\u010d Schlo\u00dfberg: jezikovna ekskurzija za u\u010dence 4. \u2013 7. razreda izbirnega predmeta nem\u0161\u010dina &nbsp; V \u010detrtek, 30. marca, smo se z u\u010denci 5. in 7. razreda pri izbirnem predmetu nem\u0161\u010dina odpravili na enodnevno ekskurzijo, v glavno mesto avstrijske zvezne de\u017eele \u0160tajerska &#8211; Gradec. Sprehodili smo se po mestnem jedru, [&hellip;]<\/p>\n","protected":false},"author":13044,"featured_media":0,"comment_status":"closed","ping_status":"closed","sticky":false,"template":"","format":"standard","meta":{"_et_pb_use_builder":"on","_et_pb_old_content":"","_et_gb_content_width":"","ngg_post_thumbnail":0,"footnotes":"","_expiration-date-status":"","_expiration-date":0,"_expiration-date-type":"","_expiration-date-categories":[],"_expiration-date-options":[]},"categories":[12],"tags":[],"class_list":["post-1157","post","type-post","status-publish","format-standard","hentry","category-solske-ekskurzije"],"_links":{"self":[{"href":"https:\/\/dejavnosti.fmalgaja.si\/index.php?rest_route=\/wp\/v2\/posts\/1157","targetHints":{"allow":["GET"]}}],"collection":[{"href":"https:\/\/dejavnosti.fmalgaja.si\/index.php?rest_route=\/wp\/v2\/posts"}],"about":[{"href":"https:\/\/dejavnosti.fmalgaja.si\/index.php?rest_route=\/wp\/v2\/types\/post"}],"author":[{"embeddable":true,"href":"https:\/\/dejavnosti.fmalgaja.si\/index.php?rest_route=\/wp\/v2\/users\/13044"}],"replies":[{"embeddable":true,"href":"https:\/\/dejavnosti.fmalgaja.si\/index.php?rest_route=%2Fwp%2Fv2%2Fcomments&post=1157"}],"version-history":[{"count":19,"href":"https:\/\/dejavnosti.fmalgaja.si\/index.php?rest_route=\/wp\/v2\/posts\/1157\/revisions"}],"predecessor-version":[{"id":1342,"href":"https:\/\/dejavnosti.fmalgaja.si\/index.php?rest_route=\/wp\/v2\/posts\/1157\/revisions\/1342"}],"wp:attachment":[{"href":"https:\/\/dejavnosti.fmalgaja.si\/index.php?rest_route=%2Fwp%2Fv2%2Fmedia&parent=1157"}],"wp:term":[{"taxonomy":"category","embeddable":true,"href":"https:\/\/dejavnosti.fmalgaja.si\/index.php?rest_route=%2Fwp%2Fv2%2Fcategories&post=1157"},{"taxonomy":"post_tag","embeddable":true,"href":"https:\/\/dejavnosti.fmalgaja.si\/index.php?rest_route=%2Fwp%2Fv2%2Ftags&post=1157"}],"curies":[{"name":"wp","href":"https:\/\/api.w.org\/{rel}","templated":true}]}}