{"id":1366,"date":"2023-05-01T13:47:57","date_gmt":"2023-05-01T11:47:57","guid":{"rendered":"https:\/\/osfmdejavnosti.splet.arnes.si\/?p=1366"},"modified":"2024-05-14T21:53:43","modified_gmt":"2024-05-14T19:53:43","slug":"dunaj-24-4-25-4-2023","status":"publish","type":"post","link":"https:\/\/dejavnosti.fmalgaja.si\/?p=1366","title":{"rendered":"Dunaj: 24. 4 \u2013 25. 4. 2023"},"content":{"rendered":"<p>[et_pb_section fb_built=&#8221;1&#8243; _builder_version=&#8221;4.18.0&#8243; background_color=&#8221;#0693e3&#8243; custom_margin=&#8221;-50px||||false|false&#8221; global_colors_info=&#8221;{}&#8221;][et_pb_row _builder_version=&#8221;4.18.0&#8243; _module_preset=&#8221;default&#8221; background_color=&#8221;#FFFFFF&#8221; background_size=&#8221;initial&#8221; background_position=&#8221;top_left&#8221; background_repeat=&#8221;repeat&#8221; custom_margin=&#8221;20px||20px||false|false&#8221; custom_padding=&#8221;40px|40px|40px|40px|true|true&#8221; box_shadow_style=&#8221;preset2&#8243; global_colors_info=&#8221;{}&#8221;][et_pb_column type=&#8221;4_4&#8243; _builder_version=&#8221;4.18.0&#8243; _module_preset=&#8221;default&#8221; global_colors_info=&#8221;{}&#8221;][et_pb_image src=&#8221;https:\/\/dejavnosti.fmalgaja.si\/files\/2022\/12\/Solske-Ekskurzije-napis-glava-prispevka.jpg&#8221; title_text=&#8221;Solske-Ekskurzije-napis-glava-prispevka&#8221; align=&#8221;center&#8221; _builder_version=&#8221;4.18.0&#8243; _module_preset=&#8221;default&#8221; global_colors_info=&#8221;{}&#8221;][\/et_pb_image][\/et_pb_column][\/et_pb_row][et_pb_row column_structure=&#8221;3_4,1_4&#8243; _builder_version=&#8221;4.18.0&#8243; background_color=&#8221;#FFFFFF&#8221; background_size=&#8221;initial&#8221; background_position=&#8221;top_left&#8221; background_repeat=&#8221;repeat&#8221; custom_padding=&#8221;40px|40px|40px|40px|true|true&#8221; box_shadow_style=&#8221;preset2&#8243; global_colors_info=&#8221;{}&#8221;][et_pb_column type=&#8221;3_4&#8243; _builder_version=&#8221;4.16&#8243; custom_padding=&#8221;|||&#8221; global_colors_info=&#8221;{}&#8221; custom_padding__hover=&#8221;|||&#8221;][et_pb_post_title meta=&#8221;off&#8221; _builder_version=&#8221;4.18.0&#8243; _module_preset=&#8221;default&#8221; title_font=&#8221;|700|||||||&#8221; title_text_color=&#8221;#e09900&#8243; global_colors_info=&#8221;{}&#8221;][\/et_pb_post_title][et_pb_text admin_label=&#8221;VSEBINA PRISPEVKA ( besedilo + galerija slik )&#8221; _builder_version=&#8221;4.18.0&#8243; background_size=&#8221;initial&#8221; background_position=&#8221;top_left&#8221; background_repeat=&#8221;repeat&#8221; global_colors_info=&#8221;{}&#8221;]<\/p>\n<p>Z u\u010denci 8. in 9. razreda smo se pri izbirnem predmetu nem\u0161\u010dina odpravili na dvodnevno ekskurzijo na Dunaj.<\/p>\n<p>Dunaj (nem\u0161ko Wien), prestolnica Avstrije, je mesto bogate habsbur\u0161ke dedi\u0161\u010dine in zibelka klasi\u010dne glasbe. Je najve\u010dje in najpomembnej\u0161e avstrijsko mesto in ima status ene izmed avstrijskih zveznih de\u017eel (nem\u0161ko: Bundesland), ki jo ozemeljsko v celoti obkro\u017ea zvezna de\u017eela Spodnja Avstrija (nem\u0161ko: Nieder\u00f6sterreich).<\/p>\n<ol>\n<li>dan (ponedeljek, 24. april 2023):<\/li>\n<\/ol>\n<p>Po prihodu na Dunaj smo si ogledali zunanjost dvorca Sch\u00f6nbrunn in se sprehodili skozi park veli\u010dastne letne cesarske rezidence. Na panoramski vo\u017enji po znameniti dunajski kro\u017eni cesti Ringstra\u00dfe, s katero je obdano staro mestno jedro in ob kateri se vrstijo glavne mestne znamenitosti smo ob\u010dudovali: dunajsko opero, Umetnostnozgodovinski in Naravoslovni muzej, parlament, mestno hi\u0161o, gledali\u0161\u010de, univerzo, borzo, Uranijo. Podali smo se skozi staro mestno jedro, mimo spomenika Marije Terezije, nekdanjega cesarskega dvorca Hofburg s \u0161pansko jahalno \u0161olo in cesarsko grobnico do znamenite gotske \u0160tefanove katedrale, kjer je pokopan Slovenec Jurij Slatkonja, dunajski \u0161kof in ustanovitelj slavnega zbora Dunajskih de\u010dkov. Po ogledih smo si privo\u0161\u010dili nekaj prostega \u010dasa za sprehod po promenadnih ulicah Graben, K\u00e4rntnerstra\u00dfe in Mariahilfer Stra\u00dfe. V ve\u010dernih urah smo se namestili v mladinskem hotelu in ve\u010derjali v bli\u017enji restavraciji v mestu.<\/p>\n<ol start=\"2\">\n<li>dan (torek, 25. april 2023):<\/li>\n<\/ol>\n<p>Po zajtrku smo obiskali in si ogledali notranjosti Hi\u0161e morja (Haus des Meeres) z 10. 000 \u017eivalmi,&nbsp; hi\u0161o umetnika in arhitekta Hunderdwasser-ja ter se zapeljali v novej\u0161i del Dunaja, kjer se nahaja pala\u010da Zdru\u017eenih narodov &#8211; UNO-City in stolp Donauturm, ki je najvi\u0161ja zgradba v Avstriji z 252 metri. Ustavili smo se na Donavskem otoku (Donauinsel), kjer smo ob\u010dudovali lepo modro Donavo. V poznih popoldanskih urah smo se odpravili proti domu, kamor smo prispeli ob 20. uri.<\/p>\nngg_shortcode_0_placeholder\n<p>[\/et_pb_text][\/et_pb_column][et_pb_column type=&#8221;1_4&#8243; _builder_version=&#8221;4.16&#8243; custom_padding=&#8221;|||&#8221; global_colors_info=&#8221;{}&#8221; custom_padding__hover=&#8221;|||&#8221;][et_pb_text admin_label=&#8221;Text&#8221; _builder_version=&#8221;4.18.0&#8243; _module_preset=&#8221;default&#8221; custom_padding=&#8221;20px|20px|20px|20px|true|true&#8221; box_shadow_style=&#8221;preset2&#8243; global_colors_info=&#8221;{}&#8221;]<\/p>\n<p><strong>Ve\u010d prispevkov v projektu \u0161olskih ekskurzij v tujino:<br \/><\/strong><\/p>\n<p>[\/et_pb_text][et_pb_blog posts_number=&#8221;5&#8243; include_categories=&#8221;12&#8243; show_thumbnail=&#8221;off&#8221; use_manual_excerpt=&#8221;off&#8221; show_author=&#8221;off&#8221; show_date=&#8221;off&#8221; show_categories=&#8221;off&#8221; show_excerpt=&#8221;off&#8221; _builder_version=&#8221;4.18.0&#8243; _module_preset=&#8221;default&#8221; header_font=&#8221;|700|||||||&#8221; header_font_size=&#8221;14px&#8221; header_line_height=&#8221;1.2em&#8221; custom_margin=&#8221;-18px||||false|false&#8221; custom_padding=&#8221;20px|20px|20px|20px|true|true&#8221; custom_css_content=&#8221;margin-bottom: -20px;&#8221; box_shadow_style=&#8221;preset2&#8243; global_colors_info=&#8221;{}&#8221;][\/et_pb_blog][\/et_pb_column][\/et_pb_row][\/et_pb_section][et_pb_section fb_built=&#8221;1&#8243; _builder_version=&#8221;4.18.0&#8243; _module_preset=&#8221;default&#8221; background_color=&#8221;#d3d3d3&#8243; custom_margin=&#8221;20px||||false|false&#8221; global_module=&#8221;226&#8243; saved_tabs=&#8221;all&#8221; global_colors_info=&#8221;{}&#8221;][et_pb_row _builder_version=&#8221;4.18.0&#8243; _module_preset=&#8221;default&#8221; global_colors_info=&#8221;{}&#8221;][et_pb_column type=&#8221;4_4&#8243; _builder_version=&#8221;4.18.0&#8243; _module_preset=&#8221;default&#8221; global_colors_info=&#8221;{}&#8221;][et_pb_text _builder_version=&#8221;4.18.0&#8243; _module_preset=&#8221;default&#8221; width=&#8221;100%&#8221; global_colors_info=&#8221;{}&#8221;]<\/p>\n<table class=\" alignleft\" style=\"width: 100%\" bgcolor=\"#ffffff\">\n<tbody>\n<tr>\n<td><img loading=\"lazy\" decoding=\"async\" class=\"wp-image-199 alignnone size-full\" src=\"https:\/\/dejavnosti.fmalgaja.si\/files\/2022\/11\/osfm-NazivInNaslov.jpg\" alt=\"\" width=\"293\" height=\"98\"><\/td>\n<td><img loading=\"lazy\" decoding=\"async\" class=\"wp-image-4 alignnone  alignright\" src=\"https:\/\/dejavnosti.fmalgaja.si\/files\/2022\/10\/logo-150x150-1.png\" alt=\"\" width=\"100\" height=\"100\"><\/td>\n<\/tr>\n<\/tbody>\n<\/table>\n<p>[\/et_pb_text][\/et_pb_column][\/et_pb_row][\/et_pb_section]<\/p>\n","protected":false},"excerpt":{"rendered":"<p>Z u\u010denci 8. in 9. razreda smo se pri izbirnem predmetu nem\u0161\u010dina odpravili na dvodnevno ekskurzijo na Dunaj. Dunaj (nem\u0161ko Wien), prestolnica Avstrije, je mesto bogate habsbur\u0161ke dedi\u0161\u010dine in zibelka klasi\u010dne glasbe. Je najve\u010dje in najpomembnej\u0161e avstrijsko mesto in ima status ene izmed avstrijskih zveznih de\u017eel (nem\u0161ko: Bundesland), ki jo ozemeljsko v celoti obkro\u017ea zvezna [&hellip;]<\/p>\n","protected":false},"author":13044,"featured_media":0,"comment_status":"closed","ping_status":"closed","sticky":false,"template":"","format":"standard","meta":{"_et_pb_use_builder":"on","_et_pb_old_content":"","_et_gb_content_width":"","ngg_post_thumbnail":0,"footnotes":"","_expiration-date-status":"","_expiration-date":0,"_expiration-date-type":"","_expiration-date-categories":[],"_expiration-date-options":[]},"categories":[12],"tags":[],"class_list":["post-1366","post","type-post","status-publish","format-standard","hentry","category-solske-ekskurzije"],"_links":{"self":[{"href":"https:\/\/dejavnosti.fmalgaja.si\/index.php?rest_route=\/wp\/v2\/posts\/1366","targetHints":{"allow":["GET"]}}],"collection":[{"href":"https:\/\/dejavnosti.fmalgaja.si\/index.php?rest_route=\/wp\/v2\/posts"}],"about":[{"href":"https:\/\/dejavnosti.fmalgaja.si\/index.php?rest_route=\/wp\/v2\/types\/post"}],"author":[{"embeddable":true,"href":"https:\/\/dejavnosti.fmalgaja.si\/index.php?rest_route=\/wp\/v2\/users\/13044"}],"replies":[{"embeddable":true,"href":"https:\/\/dejavnosti.fmalgaja.si\/index.php?rest_route=%2Fwp%2Fv2%2Fcomments&post=1366"}],"version-history":[{"count":8,"href":"https:\/\/dejavnosti.fmalgaja.si\/index.php?rest_route=\/wp\/v2\/posts\/1366\/revisions"}],"predecessor-version":[{"id":1405,"href":"https:\/\/dejavnosti.fmalgaja.si\/index.php?rest_route=\/wp\/v2\/posts\/1366\/revisions\/1405"}],"wp:attachment":[{"href":"https:\/\/dejavnosti.fmalgaja.si\/index.php?rest_route=%2Fwp%2Fv2%2Fmedia&parent=1366"}],"wp:term":[{"taxonomy":"category","embeddable":true,"href":"https:\/\/dejavnosti.fmalgaja.si\/index.php?rest_route=%2Fwp%2Fv2%2Fcategories&post=1366"},{"taxonomy":"post_tag","embeddable":true,"href":"https:\/\/dejavnosti.fmalgaja.si\/index.php?rest_route=%2Fwp%2Fv2%2Ftags&post=1366"}],"curies":[{"name":"wp","href":"https:\/\/api.w.org\/{rel}","templated":true}]}}