{"id":1407,"date":"2023-06-04T14:27:33","date_gmt":"2023-06-04T12:27:33","guid":{"rendered":"https:\/\/osfmdejavnosti.splet.arnes.si\/?p=1407"},"modified":"2023-06-04T14:27:38","modified_gmt":"2023-06-04T12:27:38","slug":"obisk-partnerske-sole-v-gradcu-2","status":"publish","type":"post","link":"https:\/\/dejavnosti.fmalgaja.si\/?p=1407","title":{"rendered":"Obisk partnerske \u0161ole v Gradcu"},"content":{"rendered":"<p>[et_pb_section fb_built=&#8221;1&#8243; _builder_version=&#8221;4.18.0&#8243; background_color=&#8221;#0693e3&#8243; custom_margin=&#8221;-50px||||false|false&#8221; global_colors_info=&#8221;{}&#8221;][et_pb_row _builder_version=&#8221;4.18.0&#8243; _module_preset=&#8221;default&#8221; background_color=&#8221;#FFFFFF&#8221; background_size=&#8221;initial&#8221; background_position=&#8221;top_left&#8221; background_repeat=&#8221;repeat&#8221; custom_margin=&#8221;20px||20px||false|false&#8221; custom_padding=&#8221;40px|40px|40px|40px|true|true&#8221; box_shadow_style=&#8221;preset2&#8243; global_colors_info=&#8221;{}&#8221;][et_pb_column type=&#8221;4_4&#8243; _builder_version=&#8221;4.18.0&#8243; _module_preset=&#8221;default&#8221; global_colors_info=&#8221;{}&#8221;][et_pb_image src=&#8221;https:\/\/dejavnosti.fmalgaja.si\/files\/2022\/12\/bbC-napis-glava-prispevka.jpg&#8221; title_text=&#8221;bbC-napis-glava-prispevka&#8221; align=&#8221;center&#8221; _builder_version=&#8221;4.18.0&#8243; _module_preset=&#8221;default&#8221; locked=&#8221;off&#8221; global_colors_info=&#8221;{}&#8221;][\/et_pb_image][\/et_pb_column][\/et_pb_row][et_pb_row column_structure=&#8221;3_4,1_4&#8243; _builder_version=&#8221;4.18.0&#8243; background_color=&#8221;#FFFFFF&#8221; background_size=&#8221;initial&#8221; background_position=&#8221;top_left&#8221; background_repeat=&#8221;repeat&#8221; custom_padding=&#8221;40px|40px|40px|40px|true|true&#8221; box_shadow_style=&#8221;preset2&#8243; global_colors_info=&#8221;{}&#8221;][et_pb_column type=&#8221;3_4&#8243; _builder_version=&#8221;4.16&#8243; custom_padding=&#8221;|||&#8221; global_colors_info=&#8221;{}&#8221; custom_padding__hover=&#8221;|||&#8221;][et_pb_post_title meta=&#8221;off&#8221; _builder_version=&#8221;4.18.0&#8243; _module_preset=&#8221;default&#8221; title_font=&#8221;|700|||||||&#8221; title_text_color=&#8221;#e09900&#8243; global_colors_info=&#8221;{}&#8221;][\/et_pb_post_title][et_pb_text admin_label=&#8221;VSEBINA PRISPEVKA ( besedilo + galerija slik )&#8221; _builder_version=&#8221;4.18.0&#8243; background_size=&#8221;initial&#8221; background_position=&#8221;top_left&#8221; background_repeat=&#8221;repeat&#8221; global_colors_info=&#8221;{}&#8221;]<\/p>\n<p style=\"text-align: left\"><span style=\"color: #666666;font-size: 14px\">V sredo, 24. 5. 2023, smo se z deveto\u0161olci, ki so svoje znanje nem\u0161\u010dine poglabljali pri izbirnem predmetu, odpravili na obisk na\u0161e partnerske \u0161ole &#8211; Bundesgymnasium und Bundesrealgymnasium Carneri v Gradec.<\/span><\/p>\n<p style=\"font-weight: 400\">Gostitelji so nam pripravili zanimiv kulturni program in pokazali utrip dela na gra\u0161ki \u0161oli. Simbolno smo posadili drevo prijateljstva, nato pa se s tramvajem odpeljali do mestnega jedra, kjer smo nadaljevali na\u0161e dru\u017eenje. V \u0160entpetru smo obiskali grob \u0161entjurskega skladatelja in zdravnika Benjamina Ipavca,&nbsp;ki je z opero Teharski plemi\u010di in Serenado za godalni orkester pustil pomembne sledi v slovenski glasbeni kulturi. Ravno tako je v Gradcu&nbsp;kot zdravnik s svojim delovanjem pustil prav poseben pe\u010dat.<\/p>\n<p>Posebna zahvala velja kulturnemu dru\u0161tvu Slovensko-avstrijskega prijateljstva v Gradcu, ki si prizadeva, da bi se ohranil spomin nanj.<\/p>\n<p>Dru\u0161tvo je spodbudilo na\u0161e sodelovanje in je v veliki meri zaslu\u017eno, da je do na\u0161ega \u010dezmejnega \u0161olskega partnerstva sploh pri\u0161lo.<\/p>\n<p style=\"font-weight: 400\">Tokratno sre\u010danje je narisalo veliko nasmejanih obrazov u\u010dencev, ki si \u017eelijo \u0161e ve\u010d tovrstnih dru\u017eenj.<\/p>\n<p>Z optimizmom gledamo proti skupnim nadaljnjim aktivnostim in se veselimo novih izku\u0161enj, ki nam jih bo prineslo medsebojno sodelovanje. Pri izbirnem predmetu nem\u0161\u010dina \u017eelimo povezati slovenske in avstrijske u\u010dence ter organizirati medsebojne izmenjave z gra\u0161ko gimnazijo. U\u010denci se bodo v okviru partnerstva med \u0161olama dvakrat letno udele\u017eili izmenjave in spoznavali zna\u010dilnosti obeh narodov in kultur.<\/p>\n<p>Zaradi trenutne situacije v Evropi je pomembno, da zdru\u017eimo mo\u010di s sosedi in skupno gledamo v svetlo, medsebojno in prijateljsko prihodnost.<\/p>\nngg_shortcode_0_placeholder\n<p>[\/et_pb_text][\/et_pb_column][et_pb_column type=&#8221;1_4&#8243; _builder_version=&#8221;4.16&#8243; custom_padding=&#8221;|||&#8221; global_colors_info=&#8221;{}&#8221; custom_padding__hover=&#8221;|||&#8221;][et_pb_text admin_label=&#8221;Text&#8221; _builder_version=&#8221;4.18.0&#8243; _module_preset=&#8221;default&#8221; custom_padding=&#8221;20px|20px|20px|20px|true|true&#8221; box_shadow_style=&#8221;preset2&#8243; global_colors_info=&#8221;{}&#8221;]<strong>Ve\u010d prispevkov vprojektu sodelovanja z Bundesgymnasium und Bundesrealgymnasium Carneri:<br \/>\n<\/strong>[\/et_pb_text][et_pb_blog posts_number=&#8221;5&#8243; include_categories=&#8221;11&#8243; show_thumbnail=&#8221;off&#8221; use_manual_excerpt=&#8221;off&#8221; show_author=&#8221;off&#8221; show_date=&#8221;off&#8221; show_categories=&#8221;off&#8221; show_excerpt=&#8221;off&#8221; show_pagination=&#8221;off&#8221; _builder_version=&#8221;4.18.0&#8243; _module_preset=&#8221;default&#8221; header_font=&#8221;|700|||||||&#8221; header_font_size=&#8221;14px&#8221; header_line_height=&#8221;1.2em&#8221; custom_margin=&#8221;-18px||||false|false&#8221; custom_padding=&#8221;20px|20px|20px|20px|true|true&#8221; custom_css_content=&#8221;margin-bottom: -40px;&#8221; box_shadow_style=&#8221;preset2&#8243; global_colors_info=&#8221;{}&#8221;][\/et_pb_blog][\/et_pb_column][\/et_pb_row][\/et_pb_section][et_pb_section fb_built=&#8221;1&#8243; _builder_version=&#8221;4.18.0&#8243; _module_preset=&#8221;default&#8221; background_color=&#8221;#d3d3d3&#8243; custom_margin=&#8221;20px||||false|false&#8221; global_module=&#8221;226&#8243; saved_tabs=&#8221;all&#8221; global_colors_info=&#8221;{}&#8221;][et_pb_row _builder_version=&#8221;4.18.0&#8243; _module_preset=&#8221;default&#8221; global_colors_info=&#8221;{}&#8221;][et_pb_column type=&#8221;4_4&#8243; _builder_version=&#8221;4.18.0&#8243; _module_preset=&#8221;default&#8221; global_colors_info=&#8221;{}&#8221;][et_pb_text _builder_version=&#8221;4.18.0&#8243; _module_preset=&#8221;default&#8221; width=&#8221;100%&#8221; global_colors_info=&#8221;{}&#8221;]<\/p>\n<table class=\" alignleft\" style=\"width: 100%\" bgcolor=\"#ffffff\">\n<tbody>\n<tr>\n<td><img loading=\"lazy\" decoding=\"async\" class=\"wp-image-199 alignnone size-full\" src=\"https:\/\/dejavnosti.fmalgaja.si\/files\/2022\/11\/osfm-NazivInNaslov.jpg\" alt=\"\" width=\"293\" height=\"98\"><\/td>\n<td><img loading=\"lazy\" decoding=\"async\" class=\"wp-image-4 alignnone  alignright\" src=\"https:\/\/dejavnosti.fmalgaja.si\/files\/2022\/10\/logo-150x150-1.png\" alt=\"\" width=\"100\" height=\"100\"><\/td>\n<\/tr>\n<\/tbody>\n<\/table>\n<p>[\/et_pb_text][\/et_pb_column][\/et_pb_row][\/et_pb_section]<\/p>\n","protected":false},"excerpt":{"rendered":"<p>V sredo, 24. 5. 2023, smo se z deveto\u0161olci, ki so svoje znanje nem\u0161\u010dine poglabljali pri izbirnem predmetu, odpravili na obisk na\u0161e partnerske \u0161ole &#8211; Bundesgymnasium und Bundesrealgymnasium Carneri v Gradec. Gostitelji so nam pripravili zanimiv kulturni program in pokazali utrip dela na gra\u0161ki \u0161oli. Simbolno smo posadili drevo prijateljstva, nato pa se s tramvajem [&hellip;]<\/p>\n","protected":false},"author":13044,"featured_media":0,"comment_status":"closed","ping_status":"closed","sticky":false,"template":"","format":"standard","meta":{"_et_pb_use_builder":"on","_et_pb_old_content":"","_et_gb_content_width":"","ngg_post_thumbnail":0,"footnotes":"","_expiration-date-status":"","_expiration-date":0,"_expiration-date-type":"","_expiration-date-categories":[],"_expiration-date-options":[]},"categories":[11],"tags":[],"class_list":["post-1407","post","type-post","status-publish","format-standard","hentry","category-osfm-bbc"],"_links":{"self":[{"href":"https:\/\/dejavnosti.fmalgaja.si\/index.php?rest_route=\/wp\/v2\/posts\/1407","targetHints":{"allow":["GET"]}}],"collection":[{"href":"https:\/\/dejavnosti.fmalgaja.si\/index.php?rest_route=\/wp\/v2\/posts"}],"about":[{"href":"https:\/\/dejavnosti.fmalgaja.si\/index.php?rest_route=\/wp\/v2\/types\/post"}],"author":[{"embeddable":true,"href":"https:\/\/dejavnosti.fmalgaja.si\/index.php?rest_route=\/wp\/v2\/users\/13044"}],"replies":[{"embeddable":true,"href":"https:\/\/dejavnosti.fmalgaja.si\/index.php?rest_route=%2Fwp%2Fv2%2Fcomments&post=1407"}],"version-history":[{"count":12,"href":"https:\/\/dejavnosti.fmalgaja.si\/index.php?rest_route=\/wp\/v2\/posts\/1407\/revisions"}],"predecessor-version":[{"id":1431,"href":"https:\/\/dejavnosti.fmalgaja.si\/index.php?rest_route=\/wp\/v2\/posts\/1407\/revisions\/1431"}],"wp:attachment":[{"href":"https:\/\/dejavnosti.fmalgaja.si\/index.php?rest_route=%2Fwp%2Fv2%2Fmedia&parent=1407"}],"wp:term":[{"taxonomy":"category","embeddable":true,"href":"https:\/\/dejavnosti.fmalgaja.si\/index.php?rest_route=%2Fwp%2Fv2%2Fcategories&post=1407"},{"taxonomy":"post_tag","embeddable":true,"href":"https:\/\/dejavnosti.fmalgaja.si\/index.php?rest_route=%2Fwp%2Fv2%2Ftags&post=1407"}],"curies":[{"name":"wp","href":"https:\/\/api.w.org\/{rel}","templated":true}]}}