{"id":1435,"date":"2023-10-05T21:53:24","date_gmt":"2023-10-05T19:53:24","guid":{"rendered":"https:\/\/osfmdejavnosti.splet.arnes.si\/?p=1435"},"modified":"2023-10-05T21:59:13","modified_gmt":"2023-10-05T19:59:13","slug":"obisk-ucencev-in-uciteljev-os-emilija-ostojic-pozega","status":"publish","type":"post","link":"https:\/\/dejavnosti.fmalgaja.si\/?p=1435","title":{"rendered":"Obisk u\u010dencev in u\u010diteljev O\u0160 Emilija Ostoji\u0107 Po\u017eega"},"content":{"rendered":"<p>[et_pb_section fb_built=&#8221;1&#8243; _builder_version=&#8221;4.18.0&#8243; background_color=&#8221;#0693e3&#8243; custom_margin=&#8221;-50px||||false|false&#8221; global_colors_info=&#8221;{}&#8221;][et_pb_row _builder_version=&#8221;4.18.0&#8243; _module_preset=&#8221;default&#8221; background_color=&#8221;#FFFFFF&#8221; background_size=&#8221;initial&#8221; background_position=&#8221;top_left&#8221; background_repeat=&#8221;repeat&#8221; custom_margin=&#8221;20px||20px||false|false&#8221; custom_padding=&#8221;40px|40px|40px|40px|true|true&#8221; box_shadow_style=&#8221;preset2&#8243; global_colors_info=&#8221;{}&#8221;][et_pb_column type=&#8221;4_4&#8243; _builder_version=&#8221;4.18.0&#8243; _module_preset=&#8221;default&#8221; global_colors_info=&#8221;{}&#8221;][et_pb_image src=&#8221;https:\/\/dejavnosti.fmalgaja.si\/files\/2022\/12\/osEO-napis-glava-prispevka.jpg&#8221; title_text=&#8221;osEO-napis-glava-prispevka&#8221; align=&#8221;center&#8221; _builder_version=&#8221;4.18.0&#8243; _module_preset=&#8221;default&#8221; locked=&#8221;off&#8221; global_colors_info=&#8221;{}&#8221;][\/et_pb_image][\/et_pb_column][\/et_pb_row][et_pb_row column_structure=&#8221;3_4,1_4&#8243; _builder_version=&#8221;4.18.0&#8243; background_color=&#8221;#FFFFFF&#8221; background_size=&#8221;initial&#8221; background_position=&#8221;top_left&#8221; background_repeat=&#8221;repeat&#8221; custom_padding=&#8221;40px|40px|40px|40px|true|true&#8221; box_shadow_style=&#8221;preset2&#8243; global_colors_info=&#8221;{}&#8221;][et_pb_column type=&#8221;3_4&#8243; _builder_version=&#8221;4.16&#8243; custom_padding=&#8221;|||&#8221; global_colors_info=&#8221;{}&#8221; custom_padding__hover=&#8221;|||&#8221;][et_pb_post_title meta=&#8221;off&#8221; _builder_version=&#8221;4.18.0&#8243; _module_preset=&#8221;default&#8221; title_font=&#8221;|700|||||||&#8221; title_text_color=&#8221;#e09900&#8243; global_colors_info=&#8221;{}&#8221;][\/et_pb_post_title][et_pb_text admin_label=&#8221;VSEBINA PRISPEVKA ( besedilo + galerija slik )&#8221; _builder_version=&#8221;4.18.0&#8243; background_size=&#8221;initial&#8221; background_position=&#8221;top_left&#8221; background_repeat=&#8221;repeat&#8221; hover_enabled=&#8221;0&#8243; global_colors_info=&#8221;{}&#8221; sticky_enabled=&#8221;0&#8243;]<\/p>\n<p>Nedelja, 24. 9. 2023, je bil za na\u0161o \u0161olo poseben dan. Ne samo, da na ta dan praznuje Ob\u010dina \u0160entjur, na ta dan smo po 35. letih ponovno sprejeli delegacijo u\u010dencev in u\u010diteljev iz O\u0160 Emilija Ostoji\u0107 iz srbske Po\u017eege. V ponedeljek smo goste po\u010dastili s posebnim sprejemom in kraj\u0161im kulturnim programom. Prilo\u017enost so imeli prisostvovati pri pouku, odpravili smo se tudi na ogled Starega gradu v Celju, kjer smo se potopili v zgodovino mesta in spoznali Grofe celjske. Naslednji dan smo za\u010deli s \u0161portnim dnevom, kjer smo se pomerili v razli\u010dnih disciplinah, krepili ekipni duh ter spodbujali \u201cfair play\u201d. Popoldne so nam u\u010denci iz Po\u017eege predstavili svojo \u0161olo, ob\u010dino in dr\u017eavo, ve\u010derni del pa je bil posve\u010den \u0161olskemu plesu. Tretji dan dru\u017eenja smo goste odpeljali v Postojnsko jamo in Ljubljano.<br \/>V \u010detrtek, 28. 9. 2023, smo se u\u010ditelji najprej udele\u017eili sprejema pri \u017eupanu ob\u010dine \u0160entjur, mag. Marku Diaciju, saj se je na\u0161e sodelovanje obudilo prav na pobudo in \u017eeljo na\u0161e Ob\u010dine. Sledil je obisk na podru\u017eni\u010dni \u0161oli Blagovna. U\u010diteljice so nas pogostile z doma\u010dimi dobrotami izpod njihovih rok, otroci pa so z njihovo pomo\u010djo pripravili kratek program. Zadnji dan njihovega bivanja v \u0160entjurju so u\u010denci iz Srbije uspe\u0161no in aktivno sodelovali pri pouku. U\u010ditelji smo \u0161e enkrat preverili na\u010drt dela za sklop prihajajo\u010dih treh izmenjav (april \u2013 september \u2013&nbsp; april), kjer bo glavna tema jezik in kultura, ter strnili vtise celotnega in ve\u010d kot uspe\u0161nega tedna.&nbsp;<br \/>Pre\u017eiveli smo prekrasen teden, poln nepozabnih do\u017eivetij in \u010dustev, in hvale\u017eni smo, da sta \u0161oli po 35. letih ponovno obudili nekdanje vezi.<br \/>V lepem son\u010dnem vremenu smo na\u0161im gostom pomahali v slovo, jim za\u017eeleli sre\u010dno pot in si izrekli nasvidenje aprila 2024 v Po\u017eegi.<\/p>\n<p>Jasna Dre\u0161\u010dek<br \/>pomo\u010dnica ravnatelja O\u0160 Franja Malgaja \u0160entjur<\/p>\nngg_shortcode_0_placeholder\n<p>[\/et_pb_text][\/et_pb_column][et_pb_column type=&#8221;1_4&#8243; _builder_version=&#8221;4.16&#8243; custom_padding=&#8221;|||&#8221; global_colors_info=&#8221;{}&#8221; custom_padding__hover=&#8221;|||&#8221;][et_pb_text _builder_version=&#8221;4.18.0&#8243; _module_preset=&#8221;default&#8221; custom_padding=&#8221;20px|20px|20px|20px|true|true&#8221; box_shadow_style=&#8221;preset2&#8243; global_colors_info=&#8221;{}&#8221;]<\/p>\n<p><strong>Ve\u010d prispevkov v projektu sodelovanja z O\u0160 Emilij  Ostoji\u0107:<br \/><\/strong><\/p>\n<p>[\/et_pb_text][et_pb_blog posts_number=&#8221;5&#8243; include_categories=&#8221;2&#8243; show_thumbnail=&#8221;off&#8221; use_manual_excerpt=&#8221;off&#8221; show_author=&#8221;off&#8221; show_date=&#8221;off&#8221; show_categories=&#8221;off&#8221; show_excerpt=&#8221;off&#8221; show_pagination=&#8221;off&#8221; _builder_version=&#8221;4.18.0&#8243; _module_preset=&#8221;default&#8221; header_font=&#8221;|700|||||||&#8221; header_font_size=&#8221;14px&#8221; header_line_height=&#8221;1.2em&#8221; custom_margin=&#8221;-18px||||false|false&#8221; custom_padding=&#8221;20px|20px|20px|20px|true|true&#8221; custom_css_content=&#8221;margin-bottom: -40px;&#8221; box_shadow_style=&#8221;preset2&#8243; global_colors_info=&#8221;{}&#8221;][\/et_pb_blog][\/et_pb_column][\/et_pb_row][\/et_pb_section][et_pb_section fb_built=&#8221;1&#8243; _builder_version=&#8221;4.18.0&#8243; _module_preset=&#8221;default&#8221; background_color=&#8221;#d3d3d3&#8243; custom_margin=&#8221;20px||||false|false&#8221; global_module=&#8221;226&#8243; saved_tabs=&#8221;all&#8221; global_colors_info=&#8221;{}&#8221;][et_pb_row _builder_version=&#8221;4.18.0&#8243; _module_preset=&#8221;default&#8221; global_colors_info=&#8221;{}&#8221;][et_pb_column type=&#8221;4_4&#8243; _builder_version=&#8221;4.18.0&#8243; _module_preset=&#8221;default&#8221; global_colors_info=&#8221;{}&#8221;][et_pb_text _builder_version=&#8221;4.18.0&#8243; _module_preset=&#8221;default&#8221; width=&#8221;100%&#8221; global_colors_info=&#8221;{}&#8221;]<\/p>\n<table class=\" alignleft\" style=\"width: 100%\" bgcolor=\"#ffffff\">\n<tbody>\n<tr>\n<td><img loading=\"lazy\" decoding=\"async\" class=\"wp-image-199 alignnone size-full\" src=\"https:\/\/dejavnosti.fmalgaja.si\/files\/2022\/11\/osfm-NazivInNaslov.jpg\" alt=\"\" width=\"293\" height=\"98\"><\/td>\n<td><img loading=\"lazy\" decoding=\"async\" class=\"wp-image-4 alignnone  alignright\" src=\"https:\/\/dejavnosti.fmalgaja.si\/files\/2022\/10\/logo-150x150-1.png\" alt=\"\" width=\"100\" height=\"100\"><\/td>\n<\/tr>\n<\/tbody>\n<\/table>\n<p>[\/et_pb_text][\/et_pb_column][\/et_pb_row][\/et_pb_section]<\/p>\n","protected":false},"excerpt":{"rendered":"<p>Nedelja, 24. 9. 2023, je bil za na\u0161o \u0161olo poseben dan. Ne samo, da na ta dan praznuje Ob\u010dina \u0160entjur, na ta dan smo po 35. letih ponovno sprejeli delegacijo u\u010dencev in u\u010diteljev iz O\u0160 Emilija Ostoji\u0107 iz srbske Po\u017eege. V ponedeljek smo goste po\u010dastili s posebnim sprejemom in kraj\u0161im kulturnim programom. Prilo\u017enost so imeli [&hellip;]<\/p>\n","protected":false},"author":4608,"featured_media":0,"comment_status":"closed","ping_status":"closed","sticky":false,"template":"","format":"standard","meta":{"_et_pb_use_builder":"on","_et_pb_old_content":"","_et_gb_content_width":"","ngg_post_thumbnail":0,"footnotes":"","_expiration-date-status":"","_expiration-date":0,"_expiration-date-type":"","_expiration-date-categories":[],"_expiration-date-options":[]},"categories":[2],"tags":[],"class_list":["post-1435","post","type-post","status-publish","format-standard","hentry","category-osfm-oseo"],"_links":{"self":[{"href":"https:\/\/dejavnosti.fmalgaja.si\/index.php?rest_route=\/wp\/v2\/posts\/1435","targetHints":{"allow":["GET"]}}],"collection":[{"href":"https:\/\/dejavnosti.fmalgaja.si\/index.php?rest_route=\/wp\/v2\/posts"}],"about":[{"href":"https:\/\/dejavnosti.fmalgaja.si\/index.php?rest_route=\/wp\/v2\/types\/post"}],"author":[{"embeddable":true,"href":"https:\/\/dejavnosti.fmalgaja.si\/index.php?rest_route=\/wp\/v2\/users\/4608"}],"replies":[{"embeddable":true,"href":"https:\/\/dejavnosti.fmalgaja.si\/index.php?rest_route=%2Fwp%2Fv2%2Fcomments&post=1435"}],"version-history":[{"count":5,"href":"https:\/\/dejavnosti.fmalgaja.si\/index.php?rest_route=\/wp\/v2\/posts\/1435\/revisions"}],"predecessor-version":[{"id":1458,"href":"https:\/\/dejavnosti.fmalgaja.si\/index.php?rest_route=\/wp\/v2\/posts\/1435\/revisions\/1458"}],"wp:attachment":[{"href":"https:\/\/dejavnosti.fmalgaja.si\/index.php?rest_route=%2Fwp%2Fv2%2Fmedia&parent=1435"}],"wp:term":[{"taxonomy":"category","embeddable":true,"href":"https:\/\/dejavnosti.fmalgaja.si\/index.php?rest_route=%2Fwp%2Fv2%2Fcategories&post=1435"},{"taxonomy":"post_tag","embeddable":true,"href":"https:\/\/dejavnosti.fmalgaja.si\/index.php?rest_route=%2Fwp%2Fv2%2Ftags&post=1435"}],"curies":[{"name":"wp","href":"https:\/\/api.w.org\/{rel}","templated":true}]}}