{"id":1461,"date":"2023-11-06T13:27:56","date_gmt":"2023-11-06T12:27:56","guid":{"rendered":"https:\/\/osfmdejavnosti.splet.arnes.si\/?p=1461"},"modified":"2023-11-06T13:28:00","modified_gmt":"2023-11-06T12:28:00","slug":"tematska-oddaja-o-filmu","status":"publish","type":"post","link":"https:\/\/dejavnosti.fmalgaja.si\/?p=1461","title":{"rendered":"Tematska oddaja: o filmu"},"content":{"rendered":"<p>[et_pb_section fb_built=&#8221;1&#8243; _builder_version=&#8221;4.18.0&#8243; background_color=&#8221;#0693e3&#8243; custom_margin=&#8221;-50px||||false|false&#8221; global_colors_info=&#8221;{}&#8221; theme_builder_area=&#8221;post_content&#8221;][et_pb_row _builder_version=&#8221;4.18.0&#8243; _module_preset=&#8221;default&#8221; background_color=&#8221;#FFFFFF&#8221; background_size=&#8221;initial&#8221; background_position=&#8221;top_left&#8221; background_repeat=&#8221;repeat&#8221; custom_margin=&#8221;20px||20px||false|false&#8221; custom_padding=&#8221;40px|40px|40px|40px|true|true&#8221; box_shadow_style=&#8221;preset2&#8243; global_colors_info=&#8221;{}&#8221; theme_builder_area=&#8221;post_content&#8221;][et_pb_column type=&#8221;4_4&#8243; _builder_version=&#8221;4.18.0&#8243; _module_preset=&#8221;default&#8221; global_colors_info=&#8221;{}&#8221; theme_builder_area=&#8221;post_content&#8221;][et_pb_image src=&#8221;https:\/\/dejavnosti.fmalgaja.si\/files\/2023\/02\/Solski-radio-glava-prispevka.jpg&#8221; title_text=&#8221;Solski-radio-glava-prispevka&#8221; align=&#8221;center&#8221; _builder_version=&#8221;4.18.0&#8243; _module_preset=&#8221;default&#8221; locked=&#8221;off&#8221; global_colors_info=&#8221;{}&#8221; theme_builder_area=&#8221;post_content&#8221;][\/et_pb_image][\/et_pb_column][\/et_pb_row][et_pb_row column_structure=&#8221;3_4,1_4&#8243; _builder_version=&#8221;4.18.0&#8243; background_color=&#8221;#FFFFFF&#8221; background_size=&#8221;initial&#8221; background_position=&#8221;top_left&#8221; background_repeat=&#8221;repeat&#8221; custom_padding=&#8221;40px|40px|40px|40px|true|true&#8221; box_shadow_style=&#8221;preset2&#8243; global_colors_info=&#8221;{}&#8221; theme_builder_area=&#8221;post_content&#8221;][et_pb_column type=&#8221;3_4&#8243; _builder_version=&#8221;4.16&#8243; custom_padding=&#8221;|||&#8221; global_colors_info=&#8221;{}&#8221; custom_padding__hover=&#8221;|||&#8221; theme_builder_area=&#8221;post_content&#8221;][et_pb_post_title meta=&#8221;off&#8221; _builder_version=&#8221;4.18.0&#8243; _module_preset=&#8221;default&#8221; title_font=&#8221;|700|||||||&#8221; title_text_color=&#8221;#e09900&#8243; global_colors_info=&#8221;{}&#8221; theme_builder_area=&#8221;post_content&#8221;][\/et_pb_post_title][et_pb_text admin_label=&#8221;VSEBINA PRISPEVKA ( besedilo + galerija slik )&#8221; _builder_version=&#8221;4.18.0&#8243; background_size=&#8221;initial&#8221; background_position=&#8221;top_left&#8221; background_repeat=&#8221;repeat&#8221; hover_enabled=&#8221;0&#8243; global_colors_info=&#8221;{}&#8221; theme_builder_area=&#8221;post_content&#8221; sticky_enabled=&#8221;0&#8243;]<\/p>\n<div class=\"gmail_default\">Leto\u0161nja prva tematska oddaja se je lotila filma. V oddaji smo se dotaknili zgodovine filma, razmi\u0161ljali o razlikah med evropskim in hollywoodskim filmom, ustavili smo se pri filmskih ustvarjalcih, pokukali v zgodovino slovenskega filma, \u0161e posebej mladinskega filma, razdelili nekaj prakti\u010dnih nagrad poznavalcem filmske glasbe &#8230; Lepo vabljeni k poslu\u0161anju.<\/div>\n<div class=\"gmail_default\">&nbsp;<\/div>\n<div>&nbsp;<\/div>\n<p>[\/et_pb_text][et_pb_audio _builder_version=&#8221;4.18.0&#8243; _module_preset=&#8221;default&#8221; theme_builder_area=&#8221;post_content&#8221; title=&#8221;Prispevek&#8221; hover_enabled=&#8221;0&#8243; sticky_enabled=&#8221;0&#8243; title_text=&#8221;\u0160olskiradio-izrezano&#8221; audio=&#8221;https:\/\/dejavnosti.fmalgaja.si\/files\/2023\/11\/Solskiradio-izrezano.mp3&#8243;][\/et_pb_audio][\/et_pb_column][et_pb_column type=&#8221;1_4&#8243; _builder_version=&#8221;4.16&#8243; custom_padding=&#8221;|||&#8221; global_colors_info=&#8221;{}&#8221; custom_padding__hover=&#8221;|||&#8221; theme_builder_area=&#8221;post_content&#8221;][et_pb_text _builder_version=&#8221;4.18.0&#8243; _module_preset=&#8221;default&#8221; custom_padding=&#8221;20px|20px|20px|20px|true|true&#8221; box_shadow_style=&#8221;preset2&#8243; global_colors_info=&#8221;{}&#8221; theme_builder_area=&#8221;post_content&#8221;]<\/p>\n<p><strong>Ve\u010d prispevkov \u0160olskega radia:<br \/><\/strong><\/p>\n<p>[\/et_pb_text][et_pb_blog posts_number=&#8221;5&#8243; include_categories=&#8221;19&#8243; show_thumbnail=&#8221;off&#8221; use_manual_excerpt=&#8221;off&#8221; show_author=&#8221;off&#8221; show_date=&#8221;off&#8221; show_categories=&#8221;off&#8221; show_excerpt=&#8221;off&#8221; show_pagination=&#8221;off&#8221; _builder_version=&#8221;4.18.0&#8243; _module_preset=&#8221;default&#8221; header_font=&#8221;|700|||||||&#8221; header_font_size=&#8221;14px&#8221; header_line_height=&#8221;1.2em&#8221; custom_margin=&#8221;-18px||||false|false&#8221; custom_padding=&#8221;20px|20px|20px|20px|true|true&#8221; custom_css_content=&#8221;margin-bottom: -40px;&#8221; box_shadow_style=&#8221;preset2&#8243; global_colors_info=&#8221;{}&#8221; theme_builder_area=&#8221;post_content&#8221;][\/et_pb_blog][\/et_pb_column][\/et_pb_row][\/et_pb_section][et_pb_section fb_built=&#8221;1&#8243; _builder_version=&#8221;4.18.0&#8243; _module_preset=&#8221;default&#8221; background_color=&#8221;#d3d3d3&#8243; custom_margin=&#8221;20px||||false|false&#8221; global_module=&#8221;226&#8243; saved_tabs=&#8221;all&#8221; global_colors_info=&#8221;{}&#8221; theme_builder_area=&#8221;post_content&#8221;][et_pb_row _builder_version=&#8221;4.18.0&#8243; _module_preset=&#8221;default&#8221; global_colors_info=&#8221;{}&#8221; theme_builder_area=&#8221;post_content&#8221;][et_pb_column type=&#8221;4_4&#8243; _builder_version=&#8221;4.18.0&#8243; _module_preset=&#8221;default&#8221; global_colors_info=&#8221;{}&#8221; theme_builder_area=&#8221;post_content&#8221;][et_pb_text _builder_version=&#8221;4.18.0&#8243; _module_preset=&#8221;default&#8221; width=&#8221;100%&#8221; global_colors_info=&#8221;{}&#8221; theme_builder_area=&#8221;post_content&#8221;]<\/p>\n<table class=\" alignleft\" style=\"width: 100%\" bgcolor=\"#ffffff\">\n<tbody>\n<tr>\n<td><img loading=\"lazy\" decoding=\"async\" class=\"wp-image-199 alignnone size-full\" src=\"https:\/\/dejavnosti.fmalgaja.si\/files\/2022\/11\/osfm-NazivInNaslov.jpg\" alt=\"\" width=\"293\" height=\"98\"><\/td>\n<td><img loading=\"lazy\" decoding=\"async\" class=\"wp-image-4 alignnone  alignright\" src=\"https:\/\/dejavnosti.fmalgaja.si\/files\/2022\/10\/logo-150x150-1.png\" alt=\"\" width=\"100\" height=\"100\"><\/td>\n<\/tr>\n<\/tbody>\n<\/table>\n<p>[\/et_pb_text][\/et_pb_column][\/et_pb_row][\/et_pb_section]<\/p>\n","protected":false},"excerpt":{"rendered":"<p>Leto\u0161nja prva tematska oddaja se je lotila filma. V oddaji smo se dotaknili zgodovine filma, razmi\u0161ljali o razlikah med evropskim in hollywoodskim filmom, ustavili smo se pri filmskih ustvarjalcih, pokukali v zgodovino slovenskega filma, \u0161e posebej mladinskega filma, razdelili nekaj prakti\u010dnih nagrad poznavalcem filmske glasbe &#8230; Lepo vabljeni k poslu\u0161anju. &nbsp; &nbsp;Ve\u010d prispevkov \u0160olskega radia:<\/p>\n","protected":false},"author":101227,"featured_media":0,"comment_status":"closed","ping_status":"closed","sticky":false,"template":"","format":"standard","meta":{"_et_pb_use_builder":"on","_et_pb_old_content":"","_et_gb_content_width":"","ngg_post_thumbnail":0,"footnotes":"","_expiration-date-status":"","_expiration-date":0,"_expiration-date-type":"","_expiration-date-categories":[],"_expiration-date-options":[]},"categories":[19],"tags":[],"class_list":["post-1461","post","type-post","status-publish","format-standard","hentry","category-solski-radio"],"_links":{"self":[{"href":"https:\/\/dejavnosti.fmalgaja.si\/index.php?rest_route=\/wp\/v2\/posts\/1461","targetHints":{"allow":["GET"]}}],"collection":[{"href":"https:\/\/dejavnosti.fmalgaja.si\/index.php?rest_route=\/wp\/v2\/posts"}],"about":[{"href":"https:\/\/dejavnosti.fmalgaja.si\/index.php?rest_route=\/wp\/v2\/types\/post"}],"author":[{"embeddable":true,"href":"https:\/\/dejavnosti.fmalgaja.si\/index.php?rest_route=\/wp\/v2\/users\/101227"}],"replies":[{"embeddable":true,"href":"https:\/\/dejavnosti.fmalgaja.si\/index.php?rest_route=%2Fwp%2Fv2%2Fcomments&post=1461"}],"version-history":[{"count":2,"href":"https:\/\/dejavnosti.fmalgaja.si\/index.php?rest_route=\/wp\/v2\/posts\/1461\/revisions"}],"predecessor-version":[{"id":1466,"href":"https:\/\/dejavnosti.fmalgaja.si\/index.php?rest_route=\/wp\/v2\/posts\/1461\/revisions\/1466"}],"wp:attachment":[{"href":"https:\/\/dejavnosti.fmalgaja.si\/index.php?rest_route=%2Fwp%2Fv2%2Fmedia&parent=1461"}],"wp:term":[{"taxonomy":"category","embeddable":true,"href":"https:\/\/dejavnosti.fmalgaja.si\/index.php?rest_route=%2Fwp%2Fv2%2Fcategories&post=1461"},{"taxonomy":"post_tag","embeddable":true,"href":"https:\/\/dejavnosti.fmalgaja.si\/index.php?rest_route=%2Fwp%2Fv2%2Ftags&post=1461"}],"curies":[{"name":"wp","href":"https:\/\/api.w.org\/{rel}","templated":true}]}}