{"id":1631,"date":"2025-11-17T14:58:59","date_gmt":"2025-11-17T13:58:59","guid":{"rendered":"https:\/\/osfmdejavnosti.splet.arnes.si\/?p=1631"},"modified":"2025-11-17T14:59:03","modified_gmt":"2025-11-17T13:59:03","slug":"obisk-avstrijskih-ucencev-na-os-franja-malgaja","status":"publish","type":"post","link":"https:\/\/dejavnosti.fmalgaja.si\/?p=1631","title":{"rendered":"Obisk avstrijskih u\u010dencev na O\u0160 Franja Malgaja"},"content":{"rendered":"<p>[et_pb_section fb_built=&#8221;1&#8243; _builder_version=&#8221;4.18.0&#8243; background_color=&#8221;#0693e3&#8243; custom_margin=&#8221;-50px||||false|false&#8221; global_colors_info=&#8221;{}&#8221;][et_pb_row _builder_version=&#8221;4.18.0&#8243; _module_preset=&#8221;default&#8221; background_color=&#8221;#FFFFFF&#8221; background_size=&#8221;initial&#8221; background_position=&#8221;top_left&#8221; background_repeat=&#8221;repeat&#8221; custom_margin=&#8221;20px||20px||false|false&#8221; custom_padding=&#8221;40px|40px|40px|40px|true|true&#8221; box_shadow_style=&#8221;preset2&#8243; global_colors_info=&#8221;{}&#8221;][et_pb_column type=&#8221;4_4&#8243; _builder_version=&#8221;4.18.0&#8243; _module_preset=&#8221;default&#8221; global_colors_info=&#8221;{}&#8221;][et_pb_image src=&#8221;https:\/\/dejavnosti.fmalgaja.si\/files\/2022\/12\/bbC-napis-glava-prispevka.jpg&#8221; title_text=&#8221;bbC-napis-glava-prispevka&#8221; align=&#8221;center&#8221; _builder_version=&#8221;4.18.0&#8243; _module_preset=&#8221;default&#8221; locked=&#8221;off&#8221; global_colors_info=&#8221;{}&#8221;][\/et_pb_image][\/et_pb_column][\/et_pb_row][et_pb_row column_structure=&#8221;3_4,1_4&#8243; _builder_version=&#8221;4.18.0&#8243; background_color=&#8221;#FFFFFF&#8221; background_size=&#8221;initial&#8221; background_position=&#8221;top_left&#8221; background_repeat=&#8221;repeat&#8221; custom_padding=&#8221;40px|40px|40px|40px|true|true&#8221; box_shadow_style=&#8221;preset2&#8243; global_colors_info=&#8221;{}&#8221;][et_pb_column type=&#8221;3_4&#8243; _builder_version=&#8221;4.16&#8243; custom_padding=&#8221;|||&#8221; global_colors_info=&#8221;{}&#8221; custom_padding__hover=&#8221;|||&#8221;][et_pb_post_title meta=&#8221;off&#8221; _builder_version=&#8221;4.18.0&#8243; _module_preset=&#8221;default&#8221; title_font=&#8221;|700|||||||&#8221; title_text_color=&#8221;#e09900&#8243; global_colors_info=&#8221;{}&#8221;][\/et_pb_post_title][et_pb_text admin_label=&#8221;VSEBINA PRISPEVKA ( besedilo + galerija slik )&#8221; _builder_version=&#8221;4.27.4&#8243; background_size=&#8221;initial&#8221; background_position=&#8221;top_left&#8221; background_repeat=&#8221;repeat&#8221; hover_enabled=&#8221;0&#8243; global_colors_info=&#8221;{}&#8221; sticky_enabled=&#8221;0&#8243;]<\/p>\n<p>V \u010detrtek, 13. novembra 2025, je osnovna \u0161ola Franja Malgaja gostila u\u010denke in u\u010ditelja partnerske \u0161ole Bundesgymnasium und Bundesrealgymnasium Carneri iz Gradca ter gospoda Mitjo Drobni\u010da, upokojenega diplomata, veleposlanika in predstavnika dru\u0161tva&nbsp;<em>Avstrijsko-slovensko prijateljstvo Gradec<\/em>.<\/p>\n<p>Po uvodnem sprejemu in ogledu \u0161ole smo gostom pripravili kulturni program. S pesmima Golica in \u010cebelice sta nastopila Marisa in Fran Obreza, deveto\u0161olci, ki obiskujejo izbirni predmet nem\u0161\u010dina, pa so predstavili Slovenijo, \u0160entjur ter skladatelje Ipavce. Program je popestril kviz&nbsp;<em>Wie gut kennst du Slowenien?<\/em>, ki je spodbudil prijetno tekmovalnost in spro\u0161\u010deno vzdu\u0161je med slovenskimi in avstrijskimi u\u010denci.<\/p>\n<p>Gospod Drobni\u010d je v nagovoru poudaril pomen znanja tujih jezikov, medkulturnega sodelovanja ter ohranjanja dobrih odnosov med dr\u017eavama. Ob tem je predstavil tudi svoje bogate izku\u0161nje iz diplomatske slu\u017ebe v Nem\u010diji, Egiptu, Savdski Arabiji ter kot predstavnik Evropske unije v \u010crni gori.<\/p>\n<p>Skupno dru\u017eenje se je nadaljevalo v Celju, kjer nas je u\u010diteljica zgodovine in geografije Nina Hriber\u0161ek popeljala do najpomembnej\u0161ih znamenitosti mesta. Preostanek \u010dasa je bil namenjen samostojnemu sprehodu in medsebojnemu dru\u017eenju.<\/p>\n<p>Dogodek je potekal v duhu prijateljstva, u\u010denja in medkulturne izmenjave ter je \u0161e dodatno utrdil vezi med partnerskima \u0161olama. Veselimo se prihodnjih sre\u010danj in novih prilo\u017enosti za sodelovanje, ki bodo obogatila na\u0161e u\u010dence in \u0161ir\u0161o skupnost.<\/p>\nngg_shortcode_0_placeholder\n<p>[\/et_pb_text][\/et_pb_column][et_pb_column type=&#8221;1_4&#8243; _builder_version=&#8221;4.16&#8243; custom_padding=&#8221;|||&#8221; global_colors_info=&#8221;{}&#8221; custom_padding__hover=&#8221;|||&#8221;][et_pb_text admin_label=&#8221;Text&#8221; _builder_version=&#8221;4.18.0&#8243; _module_preset=&#8221;default&#8221; custom_padding=&#8221;20px|20px|20px|20px|true|true&#8221; box_shadow_style=&#8221;preset2&#8243; global_colors_info=&#8221;{}&#8221;]<strong>Ve\u010d prispevkov vprojektu sodelovanja z Bundesgymnasium und Bundesrealgymnasium Carneri:<br \/>\n<\/strong><br \/>\n[\/et_pb_text][et_pb_blog posts_number=&#8221;5&#8243; include_categories=&#8221;11&#8243; show_thumbnail=&#8221;off&#8221; use_manual_excerpt=&#8221;off&#8221; show_author=&#8221;off&#8221; show_date=&#8221;off&#8221; show_categories=&#8221;off&#8221; show_excerpt=&#8221;off&#8221; show_pagination=&#8221;off&#8221; _builder_version=&#8221;4.18.0&#8243; _module_preset=&#8221;default&#8221; header_font=&#8221;|700|||||||&#8221; header_font_size=&#8221;14px&#8221; header_line_height=&#8221;1.2em&#8221; custom_margin=&#8221;-18px||||false|false&#8221; custom_padding=&#8221;20px|20px|20px|20px|true|true&#8221; custom_css_content=&#8221;margin-bottom: -40px;&#8221; box_shadow_style=&#8221;preset2&#8243; global_colors_info=&#8221;{}&#8221;][\/et_pb_blog][\/et_pb_column][\/et_pb_row][\/et_pb_section][et_pb_section fb_built=&#8221;1&#8243; _builder_version=&#8221;4.18.0&#8243; _module_preset=&#8221;default&#8221; background_color=&#8221;#d3d3d3&#8243; custom_margin=&#8221;20px||||false|false&#8221; global_module=&#8221;226&#8243; saved_tabs=&#8221;all&#8221; global_colors_info=&#8221;{}&#8221;][et_pb_row _builder_version=&#8221;4.18.0&#8243; _module_preset=&#8221;default&#8221; global_colors_info=&#8221;{}&#8221;][et_pb_column type=&#8221;4_4&#8243; _builder_version=&#8221;4.18.0&#8243; _module_preset=&#8221;default&#8221; global_colors_info=&#8221;{}&#8221;][et_pb_text _builder_version=&#8221;4.18.0&#8243; _module_preset=&#8221;default&#8221; width=&#8221;100%&#8221; global_colors_info=&#8221;{}&#8221;]<\/p>\n<table class=\" alignleft\" style=\"width: 100%\" bgcolor=\"#ffffff\">\n<tbody>\n<tr>\n<td><img loading=\"lazy\" decoding=\"async\" class=\"wp-image-199 alignnone size-full\" src=\"https:\/\/dejavnosti.fmalgaja.si\/files\/2022\/11\/osfm-NazivInNaslov.jpg\" alt=\"\" width=\"293\" height=\"98\"><\/td>\n<td><img loading=\"lazy\" decoding=\"async\" class=\"wp-image-4 alignnone  alignright\" src=\"https:\/\/dejavnosti.fmalgaja.si\/files\/2022\/10\/logo-150x150-1.png\" alt=\"\" width=\"100\" height=\"100\"><\/td>\n<\/tr>\n<\/tbody>\n<\/table>\n<p>[\/et_pb_text][\/et_pb_column][\/et_pb_row][\/et_pb_section]<\/p>\n","protected":false},"excerpt":{"rendered":"<p>V \u010detrtek, 13. novembra 2025, je osnovna \u0161ola Franja Malgaja gostila u\u010denke in u\u010ditelja partnerske \u0161ole Bundesgymnasium und Bundesrealgymnasium Carneri iz Gradca ter gospoda Mitjo Drobni\u010da, upokojenega diplomata, veleposlanika in predstavnika dru\u0161tva&nbsp;Avstrijsko-slovensko prijateljstvo Gradec. Po uvodnem sprejemu in ogledu \u0161ole smo gostom pripravili kulturni program. S pesmima Golica in \u010cebelice sta nastopila Marisa in Fran [&hellip;]<\/p>\n","protected":false},"author":13044,"featured_media":0,"comment_status":"closed","ping_status":"closed","sticky":false,"template":"","format":"standard","meta":{"_et_pb_use_builder":"on","_et_pb_old_content":"","_et_gb_content_width":"","ngg_post_thumbnail":0,"footnotes":"","_expiration-date-status":"","_expiration-date":0,"_expiration-date-type":"","_expiration-date-categories":[],"_expiration-date-options":[]},"categories":[11],"tags":[],"class_list":["post-1631","post","type-post","status-publish","format-standard","hentry","category-osfm-bbc"],"_links":{"self":[{"href":"https:\/\/dejavnosti.fmalgaja.si\/index.php?rest_route=\/wp\/v2\/posts\/1631","targetHints":{"allow":["GET"]}}],"collection":[{"href":"https:\/\/dejavnosti.fmalgaja.si\/index.php?rest_route=\/wp\/v2\/posts"}],"about":[{"href":"https:\/\/dejavnosti.fmalgaja.si\/index.php?rest_route=\/wp\/v2\/types\/post"}],"author":[{"embeddable":true,"href":"https:\/\/dejavnosti.fmalgaja.si\/index.php?rest_route=\/wp\/v2\/users\/13044"}],"replies":[{"embeddable":true,"href":"https:\/\/dejavnosti.fmalgaja.si\/index.php?rest_route=%2Fwp%2Fv2%2Fcomments&post=1631"}],"version-history":[{"count":6,"href":"https:\/\/dejavnosti.fmalgaja.si\/index.php?rest_route=\/wp\/v2\/posts\/1631\/revisions"}],"predecessor-version":[{"id":1644,"href":"https:\/\/dejavnosti.fmalgaja.si\/index.php?rest_route=\/wp\/v2\/posts\/1631\/revisions\/1644"}],"wp:attachment":[{"href":"https:\/\/dejavnosti.fmalgaja.si\/index.php?rest_route=%2Fwp%2Fv2%2Fmedia&parent=1631"}],"wp:term":[{"taxonomy":"category","embeddable":true,"href":"https:\/\/dejavnosti.fmalgaja.si\/index.php?rest_route=%2Fwp%2Fv2%2Fcategories&post=1631"},{"taxonomy":"post_tag","embeddable":true,"href":"https:\/\/dejavnosti.fmalgaja.si\/index.php?rest_route=%2Fwp%2Fv2%2Ftags&post=1631"}],"curies":[{"name":"wp","href":"https:\/\/api.w.org\/{rel}","templated":true}]}}