{"id":406,"date":"2022-12-13T21:57:50","date_gmt":"2022-12-13T20:57:50","guid":{"rendered":"https:\/\/osfmdejavnosti.splet.arnes.si\/?p=406"},"modified":"2022-12-14T09:33:07","modified_gmt":"2022-12-14T08:33:07","slug":"gradec-4-4-2019-7-8-in-9-razred","status":"publish","type":"post","link":"https:\/\/dejavnosti.fmalgaja.si\/?p=406","title":{"rendered":"Gradec: 4. 4. 2019 \u2013 7., 8. in 9. razred"},"content":{"rendered":"<p>[et_pb_section fb_built=&#8221;1&#8243; _builder_version=&#8221;4.18.0&#8243; background_color=&#8221;#0693e3&#8243; custom_margin=&#8221;-50px||||false|false&#8221; global_colors_info=&#8221;{}&#8221;][et_pb_row _builder_version=&#8221;4.18.0&#8243; _module_preset=&#8221;default&#8221; background_color=&#8221;#FFFFFF&#8221; background_size=&#8221;initial&#8221; background_position=&#8221;top_left&#8221; background_repeat=&#8221;repeat&#8221; custom_margin=&#8221;20px||20px||false|false&#8221; custom_padding=&#8221;40px|40px|40px|40px|true|true&#8221; box_shadow_style=&#8221;preset2&#8243; global_colors_info=&#8221;{}&#8221;][et_pb_column type=&#8221;4_4&#8243; _builder_version=&#8221;4.18.0&#8243; _module_preset=&#8221;default&#8221; global_colors_info=&#8221;{}&#8221;][et_pb_text _builder_version=&#8221;4.18.0&#8243; _module_preset=&#8221;default&#8221; text_line_height=&#8221;1.8em&#8221; global_colors_info=&#8221;{}&#8221;]<\/p>\n<h3 style=\"text-align: center\">\u0160olske ekskurzije v tujino<\/h3>\n<p>[\/et_pb_text][\/et_pb_column][\/et_pb_row][et_pb_row column_structure=&#8221;3_4,1_4&#8243; _builder_version=&#8221;4.18.0&#8243; background_color=&#8221;#FFFFFF&#8221; background_size=&#8221;initial&#8221; background_position=&#8221;top_left&#8221; background_repeat=&#8221;repeat&#8221; custom_padding=&#8221;40px|40px|40px|40px|true|true&#8221; box_shadow_style=&#8221;preset2&#8243; global_colors_info=&#8221;{}&#8221;][et_pb_column type=&#8221;3_4&#8243; _builder_version=&#8221;4.16&#8243; custom_padding=&#8221;|||&#8221; global_colors_info=&#8221;{}&#8221; custom_padding__hover=&#8221;|||&#8221;][et_pb_post_title meta=&#8221;off&#8221; _builder_version=&#8221;4.18.0&#8243; _module_preset=&#8221;default&#8221; title_font=&#8221;|700|||||||&#8221; title_text_color=&#8221;#e09900&#8243; global_colors_info=&#8221;{}&#8221;][\/et_pb_post_title][et_pb_text admin_label=&#8221;VSEBINA PRISPEVKA ( besedilo + galerija slik )&#8221; _builder_version=&#8221;4.18.0&#8243; background_size=&#8221;initial&#8221; background_position=&#8221;top_left&#8221; background_repeat=&#8221;repeat&#8221; global_colors_info=&#8221;{}&#8221;][\/et_pb_text][et_pb_text _builder_version=&#8221;4.18.0&#8243; _module_preset=&#8221;default&#8221; global_colors_info=&#8221;{}&#8221;]Takole smo na\u0161e znanje nem\u0161kega jezika preizku\u0161ali in utrjevali v \u017eivo. V Avstriji smo si ogledali&nbsp;\u017eivalski vrt in dvorec Herberstein, Gradec in grajski gri\u010d Schlossberg&nbsp;ter \u0161tevilne druge znamenitosti.&nbsp;<\/p>\n<p>ngg_shortcode_0_placeholder[\/et_pb_text][\/et_pb_column][et_pb_column type=&#8221;1_4&#8243; _builder_version=&#8221;4.16&#8243; custom_padding=&#8221;|||&#8221; global_colors_info=&#8221;{}&#8221; custom_padding__hover=&#8221;|||&#8221;][et_pb_text admin_label=&#8221;Text&#8221; _builder_version=&#8221;4.18.0&#8243; _module_preset=&#8221;default&#8221; custom_padding=&#8221;20px|20px|20px|20px|true|true&#8221; box_shadow_style=&#8221;preset2&#8243; global_colors_info=&#8221;{}&#8221;]<strong>Ve\u010d prispevkov v projektu \u0161olskih ekskurzij v tujino:<br \/>\n<\/strong><br \/>\n[\/et_pb_text][et_pb_blog posts_number=&#8221;5&#8243; include_categories=&#8221;12&#8243; show_thumbnail=&#8221;off&#8221; use_manual_excerpt=&#8221;off&#8221; show_author=&#8221;off&#8221; show_date=&#8221;off&#8221; show_categories=&#8221;off&#8221; show_excerpt=&#8221;off&#8221; _builder_version=&#8221;4.18.0&#8243; _module_preset=&#8221;default&#8221; header_font=&#8221;|700|||||||&#8221; header_font_size=&#8221;14px&#8221; header_line_height=&#8221;1.2em&#8221; custom_margin=&#8221;-18px||||false|false&#8221; custom_padding=&#8221;20px|20px|20px|20px|true|true&#8221; box_shadow_style=&#8221;preset2&#8243; global_colors_info=&#8221;{}&#8221;][\/et_pb_blog][\/et_pb_column][\/et_pb_row][\/et_pb_section][et_pb_section fb_built=&#8221;1&#8243; _builder_version=&#8221;4.18.0&#8243; _module_preset=&#8221;default&#8221; background_color=&#8221;#d3d3d3&#8243; custom_margin=&#8221;20px||||false|false&#8221; global_module=&#8221;226&#8243; saved_tabs=&#8221;all&#8221; global_colors_info=&#8221;{}&#8221;][et_pb_row _builder_version=&#8221;4.18.0&#8243; _module_preset=&#8221;default&#8221; global_colors_info=&#8221;{}&#8221;][et_pb_column type=&#8221;4_4&#8243; _builder_version=&#8221;4.18.0&#8243; _module_preset=&#8221;default&#8221; global_colors_info=&#8221;{}&#8221;][et_pb_text _builder_version=&#8221;4.18.0&#8243; _module_preset=&#8221;default&#8221; width=&#8221;100%&#8221; global_colors_info=&#8221;{}&#8221;]<\/p>\n<table class=\" alignleft\" style=\"width: 100%\" bgcolor=\"#ffffff\">\n<tbody>\n<tr>\n<td><img loading=\"lazy\" decoding=\"async\" class=\"wp-image-199 alignnone size-full\" src=\"https:\/\/dejavnosti.fmalgaja.si\/files\/2022\/11\/osfm-NazivInNaslov.jpg\" alt=\"\" width=\"293\" height=\"98\"><\/td>\n<td><img loading=\"lazy\" decoding=\"async\" class=\"wp-image-4 alignnone  alignright\" src=\"https:\/\/dejavnosti.fmalgaja.si\/files\/2022\/10\/logo-150x150-1.png\" alt=\"\" width=\"100\" height=\"100\"><\/td>\n<\/tr>\n<\/tbody>\n<\/table>\n<p>[\/et_pb_text][\/et_pb_column][\/et_pb_row][\/et_pb_section]<\/p>\n","protected":false},"excerpt":{"rendered":"<p>\u0160olske ekskurzije v tujino Takole smo na\u0161e znanje nem\u0161kega jezika preizku\u0161ali in utrjevali v \u017eivo. V Avstriji smo si ogledali&nbsp;\u017eivalski vrt in dvorec Herberstein, Gradec in grajski gri\u010d Schlossberg&nbsp;ter \u0161tevilne druge znamenitosti.&nbsp; <!-- default-view.php -->\n<div\n\tclass=\"ngg-galleryoverview default-view\n\t\t\"\n\tid=\"ngg-gallery-41faf343caee0cf112a30be32284c638-1\">\n\n\t\t<!-- Thumbnails -->\n\t\t\t\t<div id=\"ngg-image-0\" class=\"ngg-gallery-thumbnail-box\n\t\t\t\t\t\t\t\t\t\t\t\"\n\t\t\t>\n\t\t\t\t\t\t<div class=\"ngg-gallery-thumbnail\">\n\t\t\t<a href=\"https:\/\/dejavnosti.fmalgaja.si\/wp-content\/blogs.dir\/51165\/files\/graz-2019-7-9-razred\/56496381_1240980626071163_8276850739049922560_n.jpg\"\n\t\t\t\ttitle=\"\"\n\t\t\t\tdata-src=\"https:\/\/dejavnosti.fmalgaja.si\/wp-content\/blogs.dir\/51165\/files\/graz-2019-7-9-razred\/56496381_1240980626071163_8276850739049922560_n.jpg\"\n\t\t\t\tdata-thumbnail=\"https:\/\/dejavnosti.fmalgaja.si\/wp-content\/blogs.dir\/51165\/files\/graz-2019-7-9-razred\/thumbs\/thumbs-56496381_1240980626071163_8276850739049922560_n.jpg\"\n\t\t\t\tdata-image-id=\"36\"\n\t\t\t\tdata-title=\"56496381_1240980626071163_8276850739049922560_n\"\n\t\t\t\tdata-description=\"\"\n\t\t\t\tdata-image-slug=\"56496381_1240980626071163_8276850739049922560_n\"\n\t\t\t\tclass=\"ngg-simplelightbox\" rel=\"41faf343caee0cf112a30be32284c638\">\n\t\t\t\t<img\n\t\t\t\t\ttitle=\"56496381_1240980626071163_8276850739049922560_n\"\n\t\t\t\t\talt=\"56496381_1240980626071163_8276850739049922560_n\"\n\t\t\t\t\tsrc=\"https:\/\/dejavnosti.fmalgaja.si\/wp-content\/blogs.dir\/51165\/files\/graz-2019-7-9-razred\/thumbs\/thumbs-56496381_1240980626071163_8276850739049922560_n.jpg\"\n\t\t\t\t\twidth=\"240\"\n\t\t\t\t\theight=\"160\"\n\t\t\t\t\tstyle=\"max-width:100%;\"\n\t\t\t\t\/>\n\t\t\t<\/a>\n\t\t<\/div>\n\t\t\t\t\t\t\t<\/div>\n\t\t\t\n\t\t\t\t<div id=\"ngg-image-1\" class=\"ngg-gallery-thumbnail-box\n\t\t\t\t\t\t\t\t\t\t\t\"\n\t\t\t>\n\t\t\t\t\t\t<div class=\"ngg-gallery-thumbnail\">\n\t\t\t<a href=\"https:\/\/dejavnosti.fmalgaja.si\/wp-content\/blogs.dir\/51165\/files\/graz-2019-7-9-razred\/56158354_1240980652737827_2083452329931046912_n.jpg\"\n\t\t\t\ttitle=\"\"\n\t\t\t\tdata-src=\"https:\/\/dejavnosti.fmalgaja.si\/wp-content\/blogs.dir\/51165\/files\/graz-2019-7-9-razred\/56158354_1240980652737827_2083452329931046912_n.jpg\"\n\t\t\t\tdata-thumbnail=\"https:\/\/dejavnosti.fmalgaja.si\/wp-content\/blogs.dir\/51165\/files\/graz-2019-7-9-razred\/thumbs\/thumbs-56158354_1240980652737827_2083452329931046912_n.jpg\"\n\t\t\t\tdata-image-id=\"37\"\n\t\t\t\tdata-title=\"56158354_1240980652737827_2083452329931046912_n\"\n\t\t\t\tdata-description=\"\"\n\t\t\t\tdata-image-slug=\"56158354_1240980652737827_2083452329931046912_n\"\n\t\t\t\tclass=\"ngg-simplelightbox\" rel=\"41faf343caee0cf112a30be32284c638\">\n\t\t\t\t<img\n\t\t\t\t\ttitle=\"56158354_1240980652737827_2083452329931046912_n\"\n\t\t\t\t\talt=\"56158354_1240980652737827_2083452329931046912_n\"\n\t\t\t\t\tsrc=\"https:\/\/dejavnosti.fmalgaja.si\/wp-content\/blogs.dir\/51165\/files\/graz-2019-7-9-razred\/thumbs\/thumbs-56158354_1240980652737827_2083452329931046912_n.jpg\"\n\t\t\t\t\twidth=\"240\"\n\t\t\t\t\theight=\"160\"\n\t\t\t\t\tstyle=\"max-width:100%;\"\n\t\t\t\t\/>\n\t\t\t<\/a>\n\t\t<\/div>\n\t\t\t\t\t\t\t<\/div>\n\t\t\t\n\t\t\t\t<div id=\"ngg-image-2\" class=\"ngg-gallery-thumbnail-box\n\t\t\t\t\t\t\t\t\t\t\t\"\n\t\t\t>\n\t\t\t\t\t\t<div class=\"ngg-gallery-thumbnail\">\n\t\t\t<a href=\"https:\/\/dejavnosti.fmalgaja.si\/wp-content\/blogs.dir\/51165\/files\/graz-2019-7-9-razred\/56368693_1240980649404494_2285839924882046976_n.jpg\"\n\t\t\t\ttitle=\"\"\n\t\t\t\tdata-src=\"https:\/\/dejavnosti.fmalgaja.si\/wp-content\/blogs.dir\/51165\/files\/graz-2019-7-9-razred\/56368693_1240980649404494_2285839924882046976_n.jpg\"\n\t\t\t\tdata-thumbnail=\"https:\/\/dejavnosti.fmalgaja.si\/wp-content\/blogs.dir\/51165\/files\/graz-2019-7-9-razred\/thumbs\/thumbs-56368693_1240980649404494_2285839924882046976_n.jpg\"\n\t\t\t\tdata-image-id=\"38\"\n\t\t\t\tdata-title=\"56368693_1240980649404494_2285839924882046976_n\"\n\t\t\t\tdata-description=\"\"\n\t\t\t\tdata-image-slug=\"56368693_1240980649404494_2285839924882046976_n\"\n\t\t\t\tclass=\"ngg-simplelightbox\" rel=\"41faf343caee0cf112a30be32284c638\">\n\t\t\t\t<img\n\t\t\t\t\ttitle=\"56368693_1240980649404494_2285839924882046976_n\"\n\t\t\t\t\talt=\"56368693_1240980649404494_2285839924882046976_n\"\n\t\t\t\t\tsrc=\"https:\/\/dejavnosti.fmalgaja.si\/wp-content\/blogs.dir\/51165\/files\/graz-2019-7-9-razred\/thumbs\/thumbs-56368693_1240980649404494_2285839924882046976_n.jpg\"\n\t\t\t\t\twidth=\"240\"\n\t\t\t\t\theight=\"160\"\n\t\t\t\t\tstyle=\"max-width:100%;\"\n\t\t\t\t\/>\n\t\t\t<\/a>\n\t\t<\/div>\n\t\t\t\t\t\t\t<\/div>\n\t\t\t\n\t\n\t<br style=\"clear: both\" \/>\n\n\t\n\t\t<!-- Pagination -->\n\t\t<div class='ngg-clear'><\/div>\t<\/div>\nVe\u010d prispevkov v projektu \u0161olskih ekskurzij v tujino:<\/p>\n","protected":false},"author":13044,"featured_media":0,"comment_status":"closed","ping_status":"closed","sticky":false,"template":"","format":"standard","meta":{"_et_pb_use_builder":"on","_et_pb_old_content":"<p>Takole smo na\u0161e znanje nem\u0161kega jezika preizku\u0161ali in utrjevali v \u017eivo. V Avstriji smo si ogledali\u00a0\u017eivalski vrt in dvorec Herberstein, Gradec in grajski gri\u010d Schlossberg\u00a0ter \u0161tevilne druge znamenitosti.\u00a0<\/p>[ngg src=\"galleries\" ids=\"6\" display=\"basic_thumbnail\" thumbnail_crop=\"0\"]","_et_gb_content_width":"","ngg_post_thumbnail":0,"footnotes":"","_expiration-date-status":"saved","_expiration-date":0,"_expiration-date-type":"","_expiration-date-categories":[],"_expiration-date-options":[]},"categories":[12],"tags":[],"class_list":["post-406","post","type-post","status-publish","format-standard","hentry","category-solske-ekskurzije"],"_links":{"self":[{"href":"https:\/\/dejavnosti.fmalgaja.si\/index.php?rest_route=\/wp\/v2\/posts\/406","targetHints":{"allow":["GET"]}}],"collection":[{"href":"https:\/\/dejavnosti.fmalgaja.si\/index.php?rest_route=\/wp\/v2\/posts"}],"about":[{"href":"https:\/\/dejavnosti.fmalgaja.si\/index.php?rest_route=\/wp\/v2\/types\/post"}],"author":[{"embeddable":true,"href":"https:\/\/dejavnosti.fmalgaja.si\/index.php?rest_route=\/wp\/v2\/users\/13044"}],"replies":[{"embeddable":true,"href":"https:\/\/dejavnosti.fmalgaja.si\/index.php?rest_route=%2Fwp%2Fv2%2Fcomments&post=406"}],"version-history":[{"count":7,"href":"https:\/\/dejavnosti.fmalgaja.si\/index.php?rest_route=\/wp\/v2\/posts\/406\/revisions"}],"predecessor-version":[{"id":552,"href":"https:\/\/dejavnosti.fmalgaja.si\/index.php?rest_route=\/wp\/v2\/posts\/406\/revisions\/552"}],"wp:attachment":[{"href":"https:\/\/dejavnosti.fmalgaja.si\/index.php?rest_route=%2Fwp%2Fv2%2Fmedia&parent=406"}],"wp:term":[{"taxonomy":"category","embeddable":true,"href":"https:\/\/dejavnosti.fmalgaja.si\/index.php?rest_route=%2Fwp%2Fv2%2Fcategories&post=406"},{"taxonomy":"post_tag","embeddable":true,"href":"https:\/\/dejavnosti.fmalgaja.si\/index.php?rest_route=%2Fwp%2Fv2%2Ftags&post=406"}],"curies":[{"name":"wp","href":"https:\/\/api.w.org\/{rel}","templated":true}]}}