{"id":408,"date":"2022-12-13T22:01:35","date_gmt":"2022-12-13T21:01:35","guid":{"rendered":"https:\/\/osfmdejavnosti.splet.arnes.si\/?p=408"},"modified":"2022-12-14T09:34:48","modified_gmt":"2022-12-14T08:34:48","slug":"celovec-6-5-2022-5-in-7-razred","status":"publish","type":"post","link":"https:\/\/dejavnosti.fmalgaja.si\/?p=408","title":{"rendered":"Celovec: 6. 5. 2022 \u2013 5. in 7. razred"},"content":{"rendered":"<p>[et_pb_section fb_built=&#8221;1&#8243; _builder_version=&#8221;4.18.0&#8243; background_color=&#8221;#0693e3&#8243; custom_margin=&#8221;-50px||||false|false&#8221; global_colors_info=&#8221;{}&#8221;][et_pb_row _builder_version=&#8221;4.18.0&#8243; _module_preset=&#8221;default&#8221; background_color=&#8221;#FFFFFF&#8221; background_size=&#8221;initial&#8221; background_position=&#8221;top_left&#8221; background_repeat=&#8221;repeat&#8221; custom_margin=&#8221;20px||20px||false|false&#8221; custom_padding=&#8221;40px|40px|40px|40px|true|true&#8221; box_shadow_style=&#8221;preset2&#8243; global_colors_info=&#8221;{}&#8221;][et_pb_column type=&#8221;4_4&#8243; _builder_version=&#8221;4.18.0&#8243; _module_preset=&#8221;default&#8221; global_colors_info=&#8221;{}&#8221;][et_pb_text _builder_version=&#8221;4.18.0&#8243; _module_preset=&#8221;default&#8221; text_line_height=&#8221;1.8em&#8221; global_colors_info=&#8221;{}&#8221;]<\/p>\n<h3 style=\"text-align: center\">\u0160olske ekskurzije v tujino<\/h3>\n<p>[\/et_pb_text][\/et_pb_column][\/et_pb_row][et_pb_row column_structure=&#8221;3_4,1_4&#8243; _builder_version=&#8221;4.18.0&#8243; background_color=&#8221;#FFFFFF&#8221; background_size=&#8221;initial&#8221; background_position=&#8221;top_left&#8221; background_repeat=&#8221;repeat&#8221; custom_padding=&#8221;40px|40px|40px|40px|true|true&#8221; box_shadow_style=&#8221;preset2&#8243; global_colors_info=&#8221;{}&#8221;][et_pb_column type=&#8221;3_4&#8243; _builder_version=&#8221;4.16&#8243; custom_padding=&#8221;|||&#8221; global_colors_info=&#8221;{}&#8221; custom_padding__hover=&#8221;|||&#8221;][et_pb_post_title meta=&#8221;off&#8221; _builder_version=&#8221;4.18.0&#8243; _module_preset=&#8221;default&#8221; title_font=&#8221;|700|||||||&#8221; title_text_color=&#8221;#e09900&#8243; global_colors_info=&#8221;{}&#8221;][\/et_pb_post_title][et_pb_text admin_label=&#8221;VSEBINA PRISPEVKA ( besedilo + galerija slik )&#8221; _builder_version=&#8221;4.18.0&#8243; background_size=&#8221;initial&#8221; background_position=&#8221;top_left&#8221; background_repeat=&#8221;repeat&#8221; global_colors_info=&#8221;{}&#8221;][\/et_pb_text][et_pb_text _builder_version=&#8221;4.18.0&#8243; _module_preset=&#8221;default&#8221; global_colors_info=&#8221;{}&#8221;]V petek, 6. maja, smo se z u\u010denci 5. in 7. razreda pri izbirnem predmetu nem\u0161\u010dina odpravili na enodnevno ekskurzijo, v glavno mesto avstrijske zvezne de\u017eele Koro\u0161ke \u2013 Celovec. Tam smo se sprehodili po mestnem jedru, se zapeljali do Vrbskega jezera (W\u00f6rtersee), se podali na najvi\u0161ji leseni razgledni stolp na svetu \u2013 Pyramidenkogel, od koder se ponuja \u010dudovit razgled na Vrbsko jezero z okolico. Najpogumnej\u0161i so se nadvse veselili adrenalinskega spusta po toboganu, katerega steza se vije vzdol\u017e stolpa. Tobogan je s svojimi 120 metri najvi\u0161ji tobogan v Evropi.<\/p>\n<p>Obiskali smo svet v malem \u2013 Minimundus ter prepotovali London, Pariz, Rim \u2026 vse do Azije, Avstralije, Amerike \u2026 V pomanj\u0161anem merilu smo videli 165 najlep\u0161ih svetovnih znamenitosti iz 50 dr\u017eav. Med miniaturami smo na\u0161li tudi na\u0161o Narodno univerzitetno knji\u017enico in Blejsko jezero.<\/p>\n<p>Pre\u017eiveli smo aktiven in zabaven dan ter domov prispeli&nbsp;polni lepih vtisov, ki nam bodo vsakemu posebej&nbsp;ostali&nbsp;v prijetnem spominu.<\/p>\n<p>ngg_shortcode_0_placeholder[\/et_pb_text][\/et_pb_column][et_pb_column type=&#8221;1_4&#8243; _builder_version=&#8221;4.16&#8243; custom_padding=&#8221;|||&#8221; global_colors_info=&#8221;{}&#8221; custom_padding__hover=&#8221;|||&#8221;][et_pb_text admin_label=&#8221;Text&#8221; _builder_version=&#8221;4.18.0&#8243; _module_preset=&#8221;default&#8221; custom_padding=&#8221;20px|20px|20px|20px|true|true&#8221; box_shadow_style=&#8221;preset2&#8243; global_colors_info=&#8221;{}&#8221;]<strong>Ve\u010d prispevkov v projektu \u0161olskih ekskurzij v tujino:<br \/>\n<\/strong>[\/et_pb_text][et_pb_blog posts_number=&#8221;5&#8243; include_categories=&#8221;12&#8243; show_thumbnail=&#8221;off&#8221; use_manual_excerpt=&#8221;off&#8221; show_author=&#8221;off&#8221; show_date=&#8221;off&#8221; show_categories=&#8221;off&#8221; show_excerpt=&#8221;off&#8221; _builder_version=&#8221;4.18.0&#8243; _module_preset=&#8221;default&#8221; header_font=&#8221;|700|||||||&#8221; header_font_size=&#8221;14px&#8221; header_line_height=&#8221;1.2em&#8221; custom_margin=&#8221;-18px||||false|false&#8221; custom_padding=&#8221;20px|20px|20px|20px|true|true&#8221; box_shadow_style=&#8221;preset2&#8243; global_colors_info=&#8221;{}&#8221;][\/et_pb_blog][\/et_pb_column][\/et_pb_row][\/et_pb_section][et_pb_section fb_built=&#8221;1&#8243; _builder_version=&#8221;4.18.0&#8243; _module_preset=&#8221;default&#8221; background_color=&#8221;#d3d3d3&#8243; custom_margin=&#8221;20px||||false|false&#8221; global_module=&#8221;226&#8243; saved_tabs=&#8221;all&#8221; global_colors_info=&#8221;{}&#8221;][et_pb_row _builder_version=&#8221;4.18.0&#8243; _module_preset=&#8221;default&#8221; global_colors_info=&#8221;{}&#8221;][et_pb_column type=&#8221;4_4&#8243; _builder_version=&#8221;4.18.0&#8243; _module_preset=&#8221;default&#8221; global_colors_info=&#8221;{}&#8221;][et_pb_text _builder_version=&#8221;4.18.0&#8243; _module_preset=&#8221;default&#8221; width=&#8221;100%&#8221; global_colors_info=&#8221;{}&#8221;]<\/p>\n<table class=\" alignleft\" style=\"width: 100%\" bgcolor=\"#ffffff\">\n<tbody>\n<tr>\n<td><img loading=\"lazy\" decoding=\"async\" class=\"wp-image-199 alignnone size-full\" src=\"https:\/\/dejavnosti.fmalgaja.si\/files\/2022\/11\/osfm-NazivInNaslov.jpg\" alt=\"\" width=\"293\" height=\"98\"><\/td>\n<td><img loading=\"lazy\" decoding=\"async\" class=\"wp-image-4 alignnone  alignright\" src=\"https:\/\/dejavnosti.fmalgaja.si\/files\/2022\/10\/logo-150x150-1.png\" alt=\"\" width=\"100\" height=\"100\"><\/td>\n<\/tr>\n<\/tbody>\n<\/table>\n<p>[\/et_pb_text][\/et_pb_column][\/et_pb_row][\/et_pb_section]<\/p>\n","protected":false},"excerpt":{"rendered":"<p>\u0160olske ekskurzije v tujinoV petek, 6. maja, smo se z u\u010denci 5. in 7. razreda pri izbirnem predmetu nem\u0161\u010dina odpravili na enodnevno ekskurzijo, v glavno mesto avstrijske zvezne de\u017eele Koro\u0161ke \u2013 Celovec. Tam smo se sprehodili po mestnem jedru, se zapeljali do Vrbskega jezera (W\u00f6rtersee), se podali na najvi\u0161ji leseni razgledni stolp na svetu \u2013 [&hellip;]<\/p>\n","protected":false},"author":13044,"featured_media":0,"comment_status":"closed","ping_status":"closed","sticky":false,"template":"","format":"standard","meta":{"_et_pb_use_builder":"on","_et_pb_old_content":"<p>V petek, 6. maja, smo se z u\u010denci 5. in 7. razreda pri izbirnem predmetu nem\u0161\u010dina odpravili na enodnevno ekskurzijo, v glavno mesto avstrijske zvezne de\u017eele Koro\u0161ke \u2013 Celovec. Tam smo se sprehodili po mestnem jedru, se zapeljali do Vrbskega jezera (W\u00f6rtersee), se podali na najvi\u0161ji leseni razgledni stolp na svetu \u2013 Pyramidenkogel, od koder se ponuja \u010dudovit razgled na Vrbsko jezero z okolico. Najpogumnej\u0161i so se nadvse veselili adrenalinskega spusta po toboganu, katerega steza se vije vzdol\u017e stolpa. Tobogan je s svojimi 120 metri najvi\u0161ji tobogan v Evropi.<\/p><p>Obiskali smo svet v malem \u2013 Minimundus ter prepotovali London, Pariz, Rim \u2026 vse do Azije, Avstralije, Amerike \u2026 V pomanj\u0161anem merilu smo videli 165 najlep\u0161ih svetovnih znamenitosti iz 50 dr\u017eav. Med miniaturami smo na\u0161li tudi na\u0161o Narodno univerzitetno knji\u017enico in Blejsko jezero.<\/p><p>Pre\u017eiveli smo aktiven in zabaven dan ter domov prispeli\u00a0polni lepih vtisov, ki nam bodo vsakemu posebej\u00a0ostali\u00a0v prijetnem spominu.<\/p>[ngg src=\"galleries\" ids=\"7\" display=\"basic_thumbnail\" thumbnail_crop=\"0\"]","_et_gb_content_width":"","ngg_post_thumbnail":0,"footnotes":"","_expiration-date-status":"saved","_expiration-date":0,"_expiration-date-type":"","_expiration-date-categories":[],"_expiration-date-options":[]},"categories":[12],"tags":[],"class_list":["post-408","post","type-post","status-publish","format-standard","hentry","category-solske-ekskurzije"],"_links":{"self":[{"href":"https:\/\/dejavnosti.fmalgaja.si\/index.php?rest_route=\/wp\/v2\/posts\/408","targetHints":{"allow":["GET"]}}],"collection":[{"href":"https:\/\/dejavnosti.fmalgaja.si\/index.php?rest_route=\/wp\/v2\/posts"}],"about":[{"href":"https:\/\/dejavnosti.fmalgaja.si\/index.php?rest_route=\/wp\/v2\/types\/post"}],"author":[{"embeddable":true,"href":"https:\/\/dejavnosti.fmalgaja.si\/index.php?rest_route=\/wp\/v2\/users\/13044"}],"replies":[{"embeddable":true,"href":"https:\/\/dejavnosti.fmalgaja.si\/index.php?rest_route=%2Fwp%2Fv2%2Fcomments&post=408"}],"version-history":[{"count":8,"href":"https:\/\/dejavnosti.fmalgaja.si\/index.php?rest_route=\/wp\/v2\/posts\/408\/revisions"}],"predecessor-version":[{"id":556,"href":"https:\/\/dejavnosti.fmalgaja.si\/index.php?rest_route=\/wp\/v2\/posts\/408\/revisions\/556"}],"wp:attachment":[{"href":"https:\/\/dejavnosti.fmalgaja.si\/index.php?rest_route=%2Fwp%2Fv2%2Fmedia&parent=408"}],"wp:term":[{"taxonomy":"category","embeddable":true,"href":"https:\/\/dejavnosti.fmalgaja.si\/index.php?rest_route=%2Fwp%2Fv2%2Fcategories&post=408"},{"taxonomy":"post_tag","embeddable":true,"href":"https:\/\/dejavnosti.fmalgaja.si\/index.php?rest_route=%2Fwp%2Fv2%2Ftags&post=408"}],"curies":[{"name":"wp","href":"https:\/\/api.w.org\/{rel}","templated":true}]}}