{"id":410,"date":"2022-12-14T09:35:17","date_gmt":"2022-12-14T08:35:17","guid":{"rendered":"https:\/\/osfmdejavnosti.splet.arnes.si\/?p=410"},"modified":"2025-01-29T09:28:17","modified_gmt":"2025-01-29T08:28:17","slug":"celovec-12-5-2022-4-in-6-razred","status":"publish","type":"post","link":"https:\/\/dejavnosti.fmalgaja.si\/?p=410","title":{"rendered":"Celovec: 12. 5. 2022 \u2013 4. in 6. razred"},"content":{"rendered":"<p>[et_pb_section fb_built=&#8221;1&#8243; _builder_version=&#8221;4.18.0&#8243; background_color=&#8221;#0693e3&#8243; custom_margin=&#8221;-50px||||false|false&#8221; global_colors_info=&#8221;{}&#8221;][et_pb_row _builder_version=&#8221;4.18.0&#8243; _module_preset=&#8221;default&#8221; background_color=&#8221;#FFFFFF&#8221; background_size=&#8221;initial&#8221; background_position=&#8221;top_left&#8221; background_repeat=&#8221;repeat&#8221; custom_margin=&#8221;20px||20px||false|false&#8221; custom_padding=&#8221;40px|40px|40px|40px|true|true&#8221; box_shadow_style=&#8221;preset2&#8243; global_colors_info=&#8221;{}&#8221;][et_pb_column type=&#8221;4_4&#8243; _builder_version=&#8221;4.18.0&#8243; _module_preset=&#8221;default&#8221; global_colors_info=&#8221;{}&#8221;][et_pb_text _builder_version=&#8221;4.18.0&#8243; _module_preset=&#8221;default&#8221; text_line_height=&#8221;1.8em&#8221; global_colors_info=&#8221;{}&#8221;]<\/p>\n<h3 style=\"text-align: center\">\u0160olske ekskurzije v tujino<\/h3>\n<p>[\/et_pb_text][\/et_pb_column][\/et_pb_row][et_pb_row column_structure=&#8221;3_4,1_4&#8243; _builder_version=&#8221;4.18.0&#8243; background_color=&#8221;#FFFFFF&#8221; background_size=&#8221;initial&#8221; background_position=&#8221;top_left&#8221; background_repeat=&#8221;repeat&#8221; custom_padding=&#8221;40px|40px|40px|40px|true|true&#8221; box_shadow_style=&#8221;preset2&#8243; global_colors_info=&#8221;{}&#8221;][et_pb_column type=&#8221;3_4&#8243; _builder_version=&#8221;4.16&#8243; custom_padding=&#8221;|||&#8221; global_colors_info=&#8221;{}&#8221; custom_padding__hover=&#8221;|||&#8221;][et_pb_post_title meta=&#8221;off&#8221; _builder_version=&#8221;4.18.0&#8243; _module_preset=&#8221;default&#8221; title_font=&#8221;|700|||||||&#8221; title_text_color=&#8221;#e09900&#8243; global_colors_info=&#8221;{}&#8221;][\/et_pb_post_title][et_pb_text admin_label=&#8221;VSEBINA PRISPEVKA ( besedilo + galerija slik )&#8221; _builder_version=&#8221;4.18.0&#8243; background_size=&#8221;initial&#8221; background_position=&#8221;top_left&#8221; background_repeat=&#8221;repeat&#8221; global_colors_info=&#8221;{}&#8221;][\/et_pb_text][et_pb_text _builder_version=&#8221;4.18.0&#8243; _module_preset=&#8221;default&#8221; global_colors_info=&#8221;{}&#8221;]Tudi u\u010denci 4. in 6. razreda so se v okviru izbirnega predmeta nem\u0161\u010dina odpravili na izlet v Avstrijo in pre\u017eiveli \u010dudovit dan v Celovcu. Ugotovili smo, da je tak\u0161na popestritev pouka zelo dobrodo\u0161la in prakti\u010dna raba nem\u0161kega jezika izredno zabavna.<\/p>\n<p>ngg_shortcode_0_placeholder[\/et_pb_text][\/et_pb_column][et_pb_column type=&#8221;1_4&#8243; _builder_version=&#8221;4.16&#8243; custom_padding=&#8221;|||&#8221; global_colors_info=&#8221;{}&#8221; custom_padding__hover=&#8221;|||&#8221;][et_pb_text admin_label=&#8221;Text&#8221; _builder_version=&#8221;4.18.0&#8243; _module_preset=&#8221;default&#8221; custom_padding=&#8221;20px|20px|20px|20px|true|true&#8221; box_shadow_style=&#8221;preset2&#8243; global_colors_info=&#8221;{}&#8221;]<strong>Ve\u010d prispevkov v projektu \u0161olskih ekskurzij v tujino:<br \/>\n<\/strong><br \/>\n[\/et_pb_text][et_pb_blog posts_number=&#8221;5&#8243; include_categories=&#8221;12&#8243; show_thumbnail=&#8221;off&#8221; use_manual_excerpt=&#8221;off&#8221; show_author=&#8221;off&#8221; show_date=&#8221;off&#8221; show_categories=&#8221;off&#8221; show_excerpt=&#8221;off&#8221; _builder_version=&#8221;4.18.0&#8243; _module_preset=&#8221;default&#8221; header_font=&#8221;|700|||||||&#8221; header_font_size=&#8221;14px&#8221; header_line_height=&#8221;1.2em&#8221; custom_margin=&#8221;-18px||||false|false&#8221; custom_padding=&#8221;20px|20px|20px|20px|true|true&#8221; box_shadow_style=&#8221;preset2&#8243; global_colors_info=&#8221;{}&#8221;][\/et_pb_blog][\/et_pb_column][\/et_pb_row][\/et_pb_section][et_pb_section fb_built=&#8221;1&#8243; _builder_version=&#8221;4.18.0&#8243; _module_preset=&#8221;default&#8221; background_color=&#8221;#d3d3d3&#8243; custom_margin=&#8221;20px||||false|false&#8221; global_module=&#8221;226&#8243; saved_tabs=&#8221;all&#8221; global_colors_info=&#8221;{}&#8221;][et_pb_row _builder_version=&#8221;4.18.0&#8243; _module_preset=&#8221;default&#8221; global_colors_info=&#8221;{}&#8221;][et_pb_column type=&#8221;4_4&#8243; _builder_version=&#8221;4.18.0&#8243; _module_preset=&#8221;default&#8221; global_colors_info=&#8221;{}&#8221;][et_pb_text _builder_version=&#8221;4.18.0&#8243; _module_preset=&#8221;default&#8221; width=&#8221;100%&#8221; global_colors_info=&#8221;{}&#8221;]<\/p>\n<table class=\" alignleft\" style=\"width: 100%\" bgcolor=\"#ffffff\">\n<tbody>\n<tr>\n<td><img loading=\"lazy\" decoding=\"async\" class=\"wp-image-199 alignnone size-full\" src=\"https:\/\/dejavnosti.fmalgaja.si\/files\/2022\/11\/osfm-NazivInNaslov.jpg\" alt=\"\" width=\"293\" height=\"98\"><\/td>\n<td><img loading=\"lazy\" decoding=\"async\" class=\"wp-image-4 alignnone  alignright\" src=\"https:\/\/dejavnosti.fmalgaja.si\/files\/2022\/10\/logo-150x150-1.png\" alt=\"\" width=\"100\" height=\"100\"><\/td>\n<\/tr>\n<\/tbody>\n<\/table>\n<p>[\/et_pb_text][\/et_pb_column][\/et_pb_row][\/et_pb_section]<\/p>\n","protected":false},"excerpt":{"rendered":"<p>\u0160olske ekskurzije v tujino Tudi u\u010denci 4. in 6. razreda so se v okviru izbirnega predmeta nem\u0161\u010dina odpravili na izlet v Avstrijo in pre\u017eiveli \u010dudovit dan v Celovcu. Ugotovili smo, da je tak\u0161na popestritev pouka zelo dobrodo\u0161la in prakti\u010dna raba nem\u0161kega jezika izredno zabavna. <!-- default-view.php -->\n<div\n\tclass=\"ngg-galleryoverview default-view\n\t\t\"\n\tid=\"ngg-gallery-e4062751727f1d6918ce07fb8b67aba3-1\">\n\n\t\t<!-- Thumbnails -->\n\t\t\t\t<div id=\"ngg-image-0\" class=\"ngg-gallery-thumbnail-box\n\t\t\t\t\t\t\t\t\t\t\t\"\n\t\t\t>\n\t\t\t\t\t\t<div class=\"ngg-gallery-thumbnail\">\n\t\t\t<a href=\"https:\/\/dejavnosti.fmalgaja.si\/wp-content\/blogs.dir\/51165\/files\/klagenfurt-12-5-2022\/2.jpg\"\n\t\t\t\ttitle=\"\"\n\t\t\t\tdata-src=\"https:\/\/dejavnosti.fmalgaja.si\/wp-content\/blogs.dir\/51165\/files\/klagenfurt-12-5-2022\/2.jpg\"\n\t\t\t\tdata-thumbnail=\"https:\/\/dejavnosti.fmalgaja.si\/wp-content\/blogs.dir\/51165\/files\/klagenfurt-12-5-2022\/thumbs\/thumbs-2.jpg\"\n\t\t\t\tdata-image-id=\"60\"\n\t\t\t\tdata-title=\"2\"\n\t\t\t\tdata-description=\"\"\n\t\t\t\tdata-image-slug=\"2-1\"\n\t\t\t\tclass=\"ngg-simplelightbox\" rel=\"e4062751727f1d6918ce07fb8b67aba3\">\n\t\t\t\t<img\n\t\t\t\t\ttitle=\"2\"\n\t\t\t\t\talt=\"2\"\n\t\t\t\t\tsrc=\"https:\/\/dejavnosti.fmalgaja.si\/wp-content\/blogs.dir\/51165\/files\/klagenfurt-12-5-2022\/thumbs\/thumbs-2.jpg\"\n\t\t\t\t\twidth=\"240\"\n\t\t\t\t\theight=\"160\"\n\t\t\t\t\tstyle=\"max-width:100%;\"\n\t\t\t\t\/>\n\t\t\t<\/a>\n\t\t<\/div>\n\t\t\t\t\t\t\t<\/div>\n\t\t\t\n\t\t\t\t<div id=\"ngg-image-1\" class=\"ngg-gallery-thumbnail-box\n\t\t\t\t\t\t\t\t\t\t\t\"\n\t\t\t>\n\t\t\t\t\t\t<div class=\"ngg-gallery-thumbnail\">\n\t\t\t<a href=\"https:\/\/dejavnosti.fmalgaja.si\/wp-content\/blogs.dir\/51165\/files\/klagenfurt-12-5-2022\/1.jpg\"\n\t\t\t\ttitle=\"\"\n\t\t\t\tdata-src=\"https:\/\/dejavnosti.fmalgaja.si\/wp-content\/blogs.dir\/51165\/files\/klagenfurt-12-5-2022\/1.jpg\"\n\t\t\t\tdata-thumbnail=\"https:\/\/dejavnosti.fmalgaja.si\/wp-content\/blogs.dir\/51165\/files\/klagenfurt-12-5-2022\/thumbs\/thumbs-1.jpg\"\n\t\t\t\tdata-image-id=\"59\"\n\t\t\t\tdata-title=\"1\"\n\t\t\t\tdata-description=\"\"\n\t\t\t\tdata-image-slug=\"1-1\"\n\t\t\t\tclass=\"ngg-simplelightbox\" rel=\"e4062751727f1d6918ce07fb8b67aba3\">\n\t\t\t\t<img\n\t\t\t\t\ttitle=\"1\"\n\t\t\t\t\talt=\"1\"\n\t\t\t\t\tsrc=\"https:\/\/dejavnosti.fmalgaja.si\/wp-content\/blogs.dir\/51165\/files\/klagenfurt-12-5-2022\/thumbs\/thumbs-1.jpg\"\n\t\t\t\t\twidth=\"240\"\n\t\t\t\t\theight=\"160\"\n\t\t\t\t\tstyle=\"max-width:100%;\"\n\t\t\t\t\/>\n\t\t\t<\/a>\n\t\t<\/div>\n\t\t\t\t\t\t\t<\/div>\n\t\t\t\n\t\t\t\t<div id=\"ngg-image-2\" class=\"ngg-gallery-thumbnail-box\n\t\t\t\t\t\t\t\t\t\t\t\"\n\t\t\t>\n\t\t\t\t\t\t<div class=\"ngg-gallery-thumbnail\">\n\t\t\t<a href=\"https:\/\/dejavnosti.fmalgaja.si\/wp-content\/blogs.dir\/51165\/files\/klagenfurt-12-5-2022\/6.jpg\"\n\t\t\t\ttitle=\"\"\n\t\t\t\tdata-src=\"https:\/\/dejavnosti.fmalgaja.si\/wp-content\/blogs.dir\/51165\/files\/klagenfurt-12-5-2022\/6.jpg\"\n\t\t\t\tdata-thumbnail=\"https:\/\/dejavnosti.fmalgaja.si\/wp-content\/blogs.dir\/51165\/files\/klagenfurt-12-5-2022\/thumbs\/thumbs-6.jpg\"\n\t\t\t\tdata-image-id=\"58\"\n\t\t\t\tdata-title=\"6\"\n\t\t\t\tdata-description=\"\"\n\t\t\t\tdata-image-slug=\"6-1\"\n\t\t\t\tclass=\"ngg-simplelightbox\" rel=\"e4062751727f1d6918ce07fb8b67aba3\">\n\t\t\t\t<img\n\t\t\t\t\ttitle=\"6\"\n\t\t\t\t\talt=\"6\"\n\t\t\t\t\tsrc=\"https:\/\/dejavnosti.fmalgaja.si\/wp-content\/blogs.dir\/51165\/files\/klagenfurt-12-5-2022\/thumbs\/thumbs-6.jpg\"\n\t\t\t\t\twidth=\"240\"\n\t\t\t\t\theight=\"160\"\n\t\t\t\t\tstyle=\"max-width:100%;\"\n\t\t\t\t\/>\n\t\t\t<\/a>\n\t\t<\/div>\n\t\t\t\t\t\t\t<\/div>\n\t\t\t\n\t\t\t\t<div id=\"ngg-image-3\" class=\"ngg-gallery-thumbnail-box\n\t\t\t\t\t\t\t\t\t\t\t\"\n\t\t\t>\n\t\t\t\t\t\t<div class=\"ngg-gallery-thumbnail\">\n\t\t\t<a href=\"https:\/\/dejavnosti.fmalgaja.si\/wp-content\/blogs.dir\/51165\/files\/klagenfurt-12-5-2022\/8.jpg\"\n\t\t\t\ttitle=\"\"\n\t\t\t\tdata-src=\"https:\/\/dejavnosti.fmalgaja.si\/wp-content\/blogs.dir\/51165\/files\/klagenfurt-12-5-2022\/8.jpg\"\n\t\t\t\tdata-thumbnail=\"https:\/\/dejavnosti.fmalgaja.si\/wp-content\/blogs.dir\/51165\/files\/klagenfurt-12-5-2022\/thumbs\/thumbs-8.jpg\"\n\t\t\t\tdata-image-id=\"62\"\n\t\t\t\tdata-title=\"8\"\n\t\t\t\tdata-description=\"\"\n\t\t\t\tdata-image-slug=\"8-1\"\n\t\t\t\tclass=\"ngg-simplelightbox\" rel=\"e4062751727f1d6918ce07fb8b67aba3\">\n\t\t\t\t<img\n\t\t\t\t\ttitle=\"8\"\n\t\t\t\t\talt=\"8\"\n\t\t\t\t\tsrc=\"https:\/\/dejavnosti.fmalgaja.si\/wp-content\/blogs.dir\/51165\/files\/klagenfurt-12-5-2022\/thumbs\/thumbs-8.jpg\"\n\t\t\t\t\twidth=\"240\"\n\t\t\t\t\theight=\"160\"\n\t\t\t\t\tstyle=\"max-width:100%;\"\n\t\t\t\t\/>\n\t\t\t<\/a>\n\t\t<\/div>\n\t\t\t\t\t\t\t<\/div>\n\t\t\t\n\t\t\t\t<div id=\"ngg-image-4\" class=\"ngg-gallery-thumbnail-box\n\t\t\t\t\t\t\t\t\t\t\t\"\n\t\t\t>\n\t\t\t\t\t\t<div class=\"ngg-gallery-thumbnail\">\n\t\t\t<a href=\"https:\/\/dejavnosti.fmalgaja.si\/wp-content\/blogs.dir\/51165\/files\/klagenfurt-12-5-2022\/7.jpg\"\n\t\t\t\ttitle=\"\"\n\t\t\t\tdata-src=\"https:\/\/dejavnosti.fmalgaja.si\/wp-content\/blogs.dir\/51165\/files\/klagenfurt-12-5-2022\/7.jpg\"\n\t\t\t\tdata-thumbnail=\"https:\/\/dejavnosti.fmalgaja.si\/wp-content\/blogs.dir\/51165\/files\/klagenfurt-12-5-2022\/thumbs\/thumbs-7.jpg\"\n\t\t\t\tdata-image-id=\"61\"\n\t\t\t\tdata-title=\"7\"\n\t\t\t\tdata-description=\"\"\n\t\t\t\tdata-image-slug=\"7-1\"\n\t\t\t\tclass=\"ngg-simplelightbox\" rel=\"e4062751727f1d6918ce07fb8b67aba3\">\n\t\t\t\t<img\n\t\t\t\t\ttitle=\"7\"\n\t\t\t\t\talt=\"7\"\n\t\t\t\t\tsrc=\"https:\/\/dejavnosti.fmalgaja.si\/wp-content\/blogs.dir\/51165\/files\/klagenfurt-12-5-2022\/thumbs\/thumbs-7.jpg\"\n\t\t\t\t\twidth=\"240\"\n\t\t\t\t\theight=\"160\"\n\t\t\t\t\tstyle=\"max-width:100%;\"\n\t\t\t\t\/>\n\t\t\t<\/a>\n\t\t<\/div>\n\t\t\t\t\t\t\t<\/div>\n\t\t\t\n\t\t\t\t<div id=\"ngg-image-5\" class=\"ngg-gallery-thumbnail-box\n\t\t\t\t\t\t\t\t\t\t\t\"\n\t\t\t>\n\t\t\t\t\t\t<div class=\"ngg-gallery-thumbnail\">\n\t\t\t<a href=\"https:\/\/dejavnosti.fmalgaja.si\/wp-content\/blogs.dir\/51165\/files\/klagenfurt-12-5-2022\/3.jpg\"\n\t\t\t\ttitle=\"\"\n\t\t\t\tdata-src=\"https:\/\/dejavnosti.fmalgaja.si\/wp-content\/blogs.dir\/51165\/files\/klagenfurt-12-5-2022\/3.jpg\"\n\t\t\t\tdata-thumbnail=\"https:\/\/dejavnosti.fmalgaja.si\/wp-content\/blogs.dir\/51165\/files\/klagenfurt-12-5-2022\/thumbs\/thumbs-3.jpg\"\n\t\t\t\tdata-image-id=\"57\"\n\t\t\t\tdata-title=\"3\"\n\t\t\t\tdata-description=\"\"\n\t\t\t\tdata-image-slug=\"3-1\"\n\t\t\t\tclass=\"ngg-simplelightbox\" rel=\"e4062751727f1d6918ce07fb8b67aba3\">\n\t\t\t\t<img\n\t\t\t\t\ttitle=\"3\"\n\t\t\t\t\talt=\"3\"\n\t\t\t\t\tsrc=\"https:\/\/dejavnosti.fmalgaja.si\/wp-content\/blogs.dir\/51165\/files\/klagenfurt-12-5-2022\/thumbs\/thumbs-3.jpg\"\n\t\t\t\t\twidth=\"240\"\n\t\t\t\t\theight=\"160\"\n\t\t\t\t\tstyle=\"max-width:100%;\"\n\t\t\t\t\/>\n\t\t\t<\/a>\n\t\t<\/div>\n\t\t\t\t\t\t\t<\/div>\n\t\t\t\n\t\t\t\t<div id=\"ngg-image-6\" class=\"ngg-gallery-thumbnail-box\n\t\t\t\t\t\t\t\t\t\t\t\"\n\t\t\t>\n\t\t\t\t\t\t<div class=\"ngg-gallery-thumbnail\">\n\t\t\t<a href=\"https:\/\/dejavnosti.fmalgaja.si\/wp-content\/blogs.dir\/51165\/files\/klagenfurt-12-5-2022\/5.JPG\"\n\t\t\t\ttitle=\"\"\n\t\t\t\tdata-src=\"https:\/\/dejavnosti.fmalgaja.si\/wp-content\/blogs.dir\/51165\/files\/klagenfurt-12-5-2022\/5.JPG\"\n\t\t\t\tdata-thumbnail=\"https:\/\/dejavnosti.fmalgaja.si\/wp-content\/blogs.dir\/51165\/files\/klagenfurt-12-5-2022\/thumbs\/thumbs-5.JPG\"\n\t\t\t\tdata-image-id=\"63\"\n\t\t\t\tdata-title=\"5\"\n\t\t\t\tdata-description=\"\"\n\t\t\t\tdata-image-slug=\"5-1\"\n\t\t\t\tclass=\"ngg-simplelightbox\" rel=\"e4062751727f1d6918ce07fb8b67aba3\">\n\t\t\t\t<img\n\t\t\t\t\ttitle=\"5\"\n\t\t\t\t\talt=\"5\"\n\t\t\t\t\tsrc=\"https:\/\/dejavnosti.fmalgaja.si\/wp-content\/blogs.dir\/51165\/files\/klagenfurt-12-5-2022\/thumbs\/thumbs-5.JPG\"\n\t\t\t\t\twidth=\"240\"\n\t\t\t\t\theight=\"160\"\n\t\t\t\t\tstyle=\"max-width:100%;\"\n\t\t\t\t\/>\n\t\t\t<\/a>\n\t\t<\/div>\n\t\t\t\t\t\t\t<\/div>\n\t\t\t\n\t\t\t\t<div id=\"ngg-image-7\" class=\"ngg-gallery-thumbnail-box\n\t\t\t\t\t\t\t\t\t\t\t\"\n\t\t\t>\n\t\t\t\t\t\t<div class=\"ngg-gallery-thumbnail\">\n\t\t\t<a href=\"https:\/\/dejavnosti.fmalgaja.si\/wp-content\/blogs.dir\/51165\/files\/klagenfurt-12-5-2022\/4.JPG\"\n\t\t\t\ttitle=\"\"\n\t\t\t\tdata-src=\"https:\/\/dejavnosti.fmalgaja.si\/wp-content\/blogs.dir\/51165\/files\/klagenfurt-12-5-2022\/4.JPG\"\n\t\t\t\tdata-thumbnail=\"https:\/\/dejavnosti.fmalgaja.si\/wp-content\/blogs.dir\/51165\/files\/klagenfurt-12-5-2022\/thumbs\/thumbs-4.JPG\"\n\t\t\t\tdata-image-id=\"64\"\n\t\t\t\tdata-title=\"4\"\n\t\t\t\tdata-description=\"\"\n\t\t\t\tdata-image-slug=\"4-1\"\n\t\t\t\tclass=\"ngg-simplelightbox\" rel=\"e4062751727f1d6918ce07fb8b67aba3\">\n\t\t\t\t<img\n\t\t\t\t\ttitle=\"4\"\n\t\t\t\t\talt=\"4\"\n\t\t\t\t\tsrc=\"https:\/\/dejavnosti.fmalgaja.si\/wp-content\/blogs.dir\/51165\/files\/klagenfurt-12-5-2022\/thumbs\/thumbs-4.JPG\"\n\t\t\t\t\twidth=\"240\"\n\t\t\t\t\theight=\"160\"\n\t\t\t\t\tstyle=\"max-width:100%;\"\n\t\t\t\t\/>\n\t\t\t<\/a>\n\t\t<\/div>\n\t\t\t\t\t\t\t<\/div>\n\t\t\t\n\t\n\t<br style=\"clear: both\" \/>\n\n\t\n\t\t<!-- Pagination -->\n\t\t<div class='ngg-clear'><\/div>\t<\/div>\nVe\u010d prispevkov v projektu \u0161olskih ekskurzij v [&hellip;]<\/p>\n","protected":false},"author":13044,"featured_media":0,"comment_status":"closed","ping_status":"closed","sticky":false,"template":"","format":"standard","meta":{"_et_pb_use_builder":"on","_et_pb_old_content":"<p>Tudi u\u010denci 4. in 6. razreda so se v okviru izbirnega predmeta nem\u0161\u010dina odpravili na izlet v Avstrijo in pre\u017eiveli \u010dudovit dan v Celovcu. Ugotovili smo, da je tak\u0161na popestritev pouka zelo dobrodo\u0161la in prakti\u010dna raba nem\u0161kega jezika izredno zabavna.<\/p>[ngg src=\"galleries\" ids=\"8\" display=\"basic_thumbnail\" thumbnail_crop=\"0\"]","_et_gb_content_width":"","ngg_post_thumbnail":0,"footnotes":"","_expiration-date-status":"saved","_expiration-date":0,"_expiration-date-type":"","_expiration-date-categories":[],"_expiration-date-options":[]},"categories":[12],"tags":[],"class_list":["post-410","post","type-post","status-publish","format-standard","hentry","category-solske-ekskurzije"],"_links":{"self":[{"href":"https:\/\/dejavnosti.fmalgaja.si\/index.php?rest_route=\/wp\/v2\/posts\/410","targetHints":{"allow":["GET"]}}],"collection":[{"href":"https:\/\/dejavnosti.fmalgaja.si\/index.php?rest_route=\/wp\/v2\/posts"}],"about":[{"href":"https:\/\/dejavnosti.fmalgaja.si\/index.php?rest_route=\/wp\/v2\/types\/post"}],"author":[{"embeddable":true,"href":"https:\/\/dejavnosti.fmalgaja.si\/index.php?rest_route=\/wp\/v2\/users\/13044"}],"replies":[{"embeddable":true,"href":"https:\/\/dejavnosti.fmalgaja.si\/index.php?rest_route=%2Fwp%2Fv2%2Fcomments&post=410"}],"version-history":[{"count":9,"href":"https:\/\/dejavnosti.fmalgaja.si\/index.php?rest_route=\/wp\/v2\/posts\/410\/revisions"}],"predecessor-version":[{"id":557,"href":"https:\/\/dejavnosti.fmalgaja.si\/index.php?rest_route=\/wp\/v2\/posts\/410\/revisions\/557"}],"wp:attachment":[{"href":"https:\/\/dejavnosti.fmalgaja.si\/index.php?rest_route=%2Fwp%2Fv2%2Fmedia&parent=410"}],"wp:term":[{"taxonomy":"category","embeddable":true,"href":"https:\/\/dejavnosti.fmalgaja.si\/index.php?rest_route=%2Fwp%2Fv2%2Fcategories&post=410"},{"taxonomy":"post_tag","embeddable":true,"href":"https:\/\/dejavnosti.fmalgaja.si\/index.php?rest_route=%2Fwp%2Fv2%2Ftags&post=410"}],"curies":[{"name":"wp","href":"https:\/\/api.w.org\/{rel}","templated":true}]}}