{"id":487,"date":"2022-12-13T21:54:41","date_gmt":"2022-12-13T20:54:41","guid":{"rendered":"https:\/\/osfmdejavnosti.splet.arnes.si\/?p=487"},"modified":"2022-12-14T09:34:05","modified_gmt":"2022-12-14T08:34:05","slug":"gradec-10-4-2019-4-5-in-6-razred","status":"publish","type":"post","link":"https:\/\/dejavnosti.fmalgaja.si\/?p=487","title":{"rendered":"Gradec: 10. 4. 2019 \u2013 4., 5. in 6. razred"},"content":{"rendered":"<p>[et_pb_section fb_built=&#8221;1&#8243; _builder_version=&#8221;4.18.0&#8243; background_color=&#8221;#0693e3&#8243; custom_margin=&#8221;-50px||||false|false&#8221; global_colors_info=&#8221;{}&#8221;][et_pb_row _builder_version=&#8221;4.18.0&#8243; _module_preset=&#8221;default&#8221; background_color=&#8221;#FFFFFF&#8221; background_size=&#8221;initial&#8221; background_position=&#8221;top_left&#8221; background_repeat=&#8221;repeat&#8221; custom_margin=&#8221;20px||20px||false|false&#8221; custom_padding=&#8221;40px|40px|40px|40px|true|true&#8221; box_shadow_style=&#8221;preset2&#8243; global_colors_info=&#8221;{}&#8221;][et_pb_column type=&#8221;4_4&#8243; _builder_version=&#8221;4.18.0&#8243; _module_preset=&#8221;default&#8221; global_colors_info=&#8221;{}&#8221;][et_pb_text _builder_version=&#8221;4.18.0&#8243; _module_preset=&#8221;default&#8221; text_line_height=&#8221;1.8em&#8221; global_colors_info=&#8221;{}&#8221;]<\/p>\n<h3 style=\"text-align: center\">\u0160olske ekskurzije v tujino<\/h3>\n<p>[\/et_pb_text][\/et_pb_column][\/et_pb_row][et_pb_row column_structure=&#8221;3_4,1_4&#8243; _builder_version=&#8221;4.18.0&#8243; background_color=&#8221;#FFFFFF&#8221; background_size=&#8221;initial&#8221; background_position=&#8221;top_left&#8221; background_repeat=&#8221;repeat&#8221; custom_padding=&#8221;40px|40px|40px|40px|true|true&#8221; box_shadow_style=&#8221;preset2&#8243; global_colors_info=&#8221;{}&#8221;][et_pb_column type=&#8221;3_4&#8243; _builder_version=&#8221;4.16&#8243; custom_padding=&#8221;|||&#8221; global_colors_info=&#8221;{}&#8221; custom_padding__hover=&#8221;|||&#8221;][et_pb_post_title meta=&#8221;off&#8221; _builder_version=&#8221;4.18.0&#8243; _module_preset=&#8221;default&#8221; title_font=&#8221;|700|||||||&#8221; title_text_color=&#8221;#e09900&#8243; global_colors_info=&#8221;{}&#8221;][\/et_pb_post_title][et_pb_text admin_label=&#8221;VSEBINA PRISPEVKA ( besedilo + galerija slik )&#8221; _builder_version=&#8221;4.18.0&#8243; background_size=&#8221;initial&#8221; background_position=&#8221;top_left&#8221; background_repeat=&#8221;repeat&#8221; global_colors_info=&#8221;{}&#8221;][\/et_pb_text][et_pb_text _builder_version=&#8221;4.18.0&#8243; _module_preset=&#8221;default&#8221; global_colors_info=&#8221;{}&#8221;]Tudi u\u010denci 4., 5. in 6. razreda so se podali v Avstrijo. S tem so pokazali, da je prakti\u010dna raba in utrjevanje nem\u0161\u010dine lahko tudi zabavno.<\/p>\n<p>ngg_shortcode_0_placeholder[\/et_pb_text][\/et_pb_column][et_pb_column type=&#8221;1_4&#8243; _builder_version=&#8221;4.16&#8243; custom_padding=&#8221;|||&#8221; global_colors_info=&#8221;{}&#8221; custom_padding__hover=&#8221;|||&#8221;][et_pb_text admin_label=&#8221;Text&#8221; _builder_version=&#8221;4.18.0&#8243; _module_preset=&#8221;default&#8221; custom_padding=&#8221;20px|20px|20px|20px|true|true&#8221; box_shadow_style=&#8221;preset2&#8243; global_colors_info=&#8221;{}&#8221;]<strong>Ve\u010d prispevkov v projektu \u0161olskih ekskurzij v tujino:<br \/>\n<\/strong><br \/>\n[\/et_pb_text][et_pb_blog posts_number=&#8221;5&#8243; include_categories=&#8221;12&#8243; show_thumbnail=&#8221;off&#8221; use_manual_excerpt=&#8221;off&#8221; show_author=&#8221;off&#8221; show_date=&#8221;off&#8221; show_categories=&#8221;off&#8221; show_excerpt=&#8221;off&#8221; _builder_version=&#8221;4.18.0&#8243; _module_preset=&#8221;default&#8221; header_font=&#8221;|700|||||||&#8221; header_font_size=&#8221;14px&#8221; header_line_height=&#8221;1.2em&#8221; custom_margin=&#8221;-18px||||false|false&#8221; custom_padding=&#8221;20px|20px|20px|20px|true|true&#8221; box_shadow_style=&#8221;preset2&#8243; global_colors_info=&#8221;{}&#8221;][\/et_pb_blog][\/et_pb_column][\/et_pb_row][\/et_pb_section][et_pb_section fb_built=&#8221;1&#8243; _builder_version=&#8221;4.18.0&#8243; _module_preset=&#8221;default&#8221; background_color=&#8221;#d3d3d3&#8243; custom_margin=&#8221;20px||||false|false&#8221; global_module=&#8221;226&#8243; saved_tabs=&#8221;all&#8221; global_colors_info=&#8221;{}&#8221;][et_pb_row _builder_version=&#8221;4.18.0&#8243; _module_preset=&#8221;default&#8221; global_colors_info=&#8221;{}&#8221;][et_pb_column type=&#8221;4_4&#8243; _builder_version=&#8221;4.18.0&#8243; _module_preset=&#8221;default&#8221; global_colors_info=&#8221;{}&#8221;][et_pb_text _builder_version=&#8221;4.18.0&#8243; _module_preset=&#8221;default&#8221; width=&#8221;100%&#8221; global_colors_info=&#8221;{}&#8221;]<\/p>\n<table class=\" alignleft\" style=\"width: 100%\" bgcolor=\"#ffffff\">\n<tbody>\n<tr>\n<td><img loading=\"lazy\" decoding=\"async\" class=\"wp-image-199 alignnone size-full\" src=\"https:\/\/dejavnosti.fmalgaja.si\/files\/2022\/11\/osfm-NazivInNaslov.jpg\" alt=\"\" width=\"293\" height=\"98\"><\/td>\n<td><img loading=\"lazy\" decoding=\"async\" class=\"wp-image-4 alignnone  alignright\" src=\"https:\/\/dejavnosti.fmalgaja.si\/files\/2022\/10\/logo-150x150-1.png\" alt=\"\" width=\"100\" height=\"100\"><\/td>\n<\/tr>\n<\/tbody>\n<\/table>\n<p>[\/et_pb_text][\/et_pb_column][\/et_pb_row][\/et_pb_section]<\/p>\n","protected":false},"excerpt":{"rendered":"<p>\u0160olske ekskurzije v tujino Tudi u\u010denci 4., 5. in 6. razreda so se podali v Avstrijo. S tem so pokazali, da je prakti\u010dna raba in utrjevanje nem\u0161\u010dine lahko tudi zabavno. <!-- default-view.php -->\n<div\n\tclass=\"ngg-galleryoverview default-view\n\t\t\"\n\tid=\"ngg-gallery-7e219b793290a1f7d043af8606f624f0-1\">\n\n\t\t<!-- Thumbnails -->\n\t\t\t\t<div id=\"ngg-image-0\" class=\"ngg-gallery-thumbnail-box\n\t\t\t\t\t\t\t\t\t\t\t\"\n\t\t\t>\n\t\t\t\t\t\t<div class=\"ngg-gallery-thumbnail\">\n\t\t\t<a href=\"https:\/\/dejavnosti.fmalgaja.si\/wp-content\/blogs.dir\/51165\/files\/graz-2019-4-7-razred\/Graz.jpg\"\n\t\t\t\ttitle=\"\"\n\t\t\t\tdata-src=\"https:\/\/dejavnosti.fmalgaja.si\/wp-content\/blogs.dir\/51165\/files\/graz-2019-4-7-razred\/Graz.jpg\"\n\t\t\t\tdata-thumbnail=\"https:\/\/dejavnosti.fmalgaja.si\/wp-content\/blogs.dir\/51165\/files\/graz-2019-4-7-razred\/thumbs\/thumbs-Graz.jpg\"\n\t\t\t\tdata-image-id=\"30\"\n\t\t\t\tdata-title=\"Graz\"\n\t\t\t\tdata-description=\"\"\n\t\t\t\tdata-image-slug=\"graz\"\n\t\t\t\tclass=\"ngg-simplelightbox\" rel=\"7e219b793290a1f7d043af8606f624f0\">\n\t\t\t\t<img\n\t\t\t\t\ttitle=\"Graz\"\n\t\t\t\t\talt=\"Graz\"\n\t\t\t\t\tsrc=\"https:\/\/dejavnosti.fmalgaja.si\/wp-content\/blogs.dir\/51165\/files\/graz-2019-4-7-razred\/thumbs\/thumbs-Graz.jpg\"\n\t\t\t\t\twidth=\"240\"\n\t\t\t\t\theight=\"160\"\n\t\t\t\t\tstyle=\"max-width:100%;\"\n\t\t\t\t\/>\n\t\t\t<\/a>\n\t\t<\/div>\n\t\t\t\t\t\t\t<\/div>\n\t\t\t\n\t\t\t\t<div id=\"ngg-image-1\" class=\"ngg-gallery-thumbnail-box\n\t\t\t\t\t\t\t\t\t\t\t\"\n\t\t\t>\n\t\t\t\t\t\t<div class=\"ngg-gallery-thumbnail\">\n\t\t\t<a href=\"https:\/\/dejavnosti.fmalgaja.si\/wp-content\/blogs.dir\/51165\/files\/graz-2019-4-7-razred\/stolp-2.jpg\"\n\t\t\t\ttitle=\"\"\n\t\t\t\tdata-src=\"https:\/\/dejavnosti.fmalgaja.si\/wp-content\/blogs.dir\/51165\/files\/graz-2019-4-7-razred\/stolp-2.jpg\"\n\t\t\t\tdata-thumbnail=\"https:\/\/dejavnosti.fmalgaja.si\/wp-content\/blogs.dir\/51165\/files\/graz-2019-4-7-razred\/thumbs\/thumbs-stolp-2.jpg\"\n\t\t\t\tdata-image-id=\"33\"\n\t\t\t\tdata-title=\"stolp-2\"\n\t\t\t\tdata-description=\"\"\n\t\t\t\tdata-image-slug=\"stolp-2\"\n\t\t\t\tclass=\"ngg-simplelightbox\" rel=\"7e219b793290a1f7d043af8606f624f0\">\n\t\t\t\t<img\n\t\t\t\t\ttitle=\"stolp-2\"\n\t\t\t\t\talt=\"stolp-2\"\n\t\t\t\t\tsrc=\"https:\/\/dejavnosti.fmalgaja.si\/wp-content\/blogs.dir\/51165\/files\/graz-2019-4-7-razred\/thumbs\/thumbs-stolp-2.jpg\"\n\t\t\t\t\twidth=\"240\"\n\t\t\t\t\theight=\"160\"\n\t\t\t\t\tstyle=\"max-width:100%;\"\n\t\t\t\t\/>\n\t\t\t<\/a>\n\t\t<\/div>\n\t\t\t\t\t\t\t<\/div>\n\t\t\t\n\t\t\t\t<div id=\"ngg-image-2\" class=\"ngg-gallery-thumbnail-box\n\t\t\t\t\t\t\t\t\t\t\t\"\n\t\t\t>\n\t\t\t\t\t\t<div class=\"ngg-gallery-thumbnail\">\n\t\t\t<a href=\"https:\/\/dejavnosti.fmalgaja.si\/wp-content\/blogs.dir\/51165\/files\/graz-2019-4-7-razred\/stolp-3.jpg\"\n\t\t\t\ttitle=\"\"\n\t\t\t\tdata-src=\"https:\/\/dejavnosti.fmalgaja.si\/wp-content\/blogs.dir\/51165\/files\/graz-2019-4-7-razred\/stolp-3.jpg\"\n\t\t\t\tdata-thumbnail=\"https:\/\/dejavnosti.fmalgaja.si\/wp-content\/blogs.dir\/51165\/files\/graz-2019-4-7-razred\/thumbs\/thumbs-stolp-3.jpg\"\n\t\t\t\tdata-image-id=\"34\"\n\t\t\t\tdata-title=\"stolp-3\"\n\t\t\t\tdata-description=\"\"\n\t\t\t\tdata-image-slug=\"stolp-3\"\n\t\t\t\tclass=\"ngg-simplelightbox\" rel=\"7e219b793290a1f7d043af8606f624f0\">\n\t\t\t\t<img\n\t\t\t\t\ttitle=\"stolp-3\"\n\t\t\t\t\talt=\"stolp-3\"\n\t\t\t\t\tsrc=\"https:\/\/dejavnosti.fmalgaja.si\/wp-content\/blogs.dir\/51165\/files\/graz-2019-4-7-razred\/thumbs\/thumbs-stolp-3.jpg\"\n\t\t\t\t\twidth=\"240\"\n\t\t\t\t\theight=\"160\"\n\t\t\t\t\tstyle=\"max-width:100%;\"\n\t\t\t\t\/>\n\t\t\t<\/a>\n\t\t<\/div>\n\t\t\t\t\t\t\t<\/div>\n\t\t\t\n\t\t\t\t<div id=\"ngg-image-3\" class=\"ngg-gallery-thumbnail-box\n\t\t\t\t\t\t\t\t\t\t\t\"\n\t\t\t>\n\t\t\t\t\t\t<div class=\"ngg-gallery-thumbnail\">\n\t\t\t<a href=\"https:\/\/dejavnosti.fmalgaja.si\/wp-content\/blogs.dir\/51165\/files\/graz-2019-4-7-razred\/stolp.jpg\"\n\t\t\t\ttitle=\"\"\n\t\t\t\tdata-src=\"https:\/\/dejavnosti.fmalgaja.si\/wp-content\/blogs.dir\/51165\/files\/graz-2019-4-7-razred\/stolp.jpg\"\n\t\t\t\tdata-thumbnail=\"https:\/\/dejavnosti.fmalgaja.si\/wp-content\/blogs.dir\/51165\/files\/graz-2019-4-7-razred\/thumbs\/thumbs-stolp.jpg\"\n\t\t\t\tdata-image-id=\"35\"\n\t\t\t\tdata-title=\"stolp\"\n\t\t\t\tdata-description=\"\"\n\t\t\t\tdata-image-slug=\"stolp-4\"\n\t\t\t\tclass=\"ngg-simplelightbox\" rel=\"7e219b793290a1f7d043af8606f624f0\">\n\t\t\t\t<img\n\t\t\t\t\ttitle=\"stolp\"\n\t\t\t\t\talt=\"stolp\"\n\t\t\t\t\tsrc=\"https:\/\/dejavnosti.fmalgaja.si\/wp-content\/blogs.dir\/51165\/files\/graz-2019-4-7-razred\/thumbs\/thumbs-stolp.jpg\"\n\t\t\t\t\twidth=\"240\"\n\t\t\t\t\theight=\"160\"\n\t\t\t\t\tstyle=\"max-width:100%;\"\n\t\t\t\t\/>\n\t\t\t<\/a>\n\t\t<\/div>\n\t\t\t\t\t\t\t<\/div>\n\t\t\t\n\t\t\t\t<div id=\"ngg-image-4\" class=\"ngg-gallery-thumbnail-box\n\t\t\t\t\t\t\t\t\t\t\t\"\n\t\t\t>\n\t\t\t\t\t\t<div class=\"ngg-gallery-thumbnail\">\n\t\t\t<a href=\"https:\/\/dejavnosti.fmalgaja.si\/wp-content\/blogs.dir\/51165\/files\/graz-2019-4-7-razred\/razgled.jpg\"\n\t\t\t\ttitle=\"\"\n\t\t\t\tdata-src=\"https:\/\/dejavnosti.fmalgaja.si\/wp-content\/blogs.dir\/51165\/files\/graz-2019-4-7-razred\/razgled.jpg\"\n\t\t\t\tdata-thumbnail=\"https:\/\/dejavnosti.fmalgaja.si\/wp-content\/blogs.dir\/51165\/files\/graz-2019-4-7-razred\/thumbs\/thumbs-razgled.jpg\"\n\t\t\t\tdata-image-id=\"27\"\n\t\t\t\tdata-title=\"razgled\"\n\t\t\t\tdata-description=\"\"\n\t\t\t\tdata-image-slug=\"razgled\"\n\t\t\t\tclass=\"ngg-simplelightbox\" rel=\"7e219b793290a1f7d043af8606f624f0\">\n\t\t\t\t<img\n\t\t\t\t\ttitle=\"razgled\"\n\t\t\t\t\talt=\"razgled\"\n\t\t\t\t\tsrc=\"https:\/\/dejavnosti.fmalgaja.si\/wp-content\/blogs.dir\/51165\/files\/graz-2019-4-7-razred\/thumbs\/thumbs-razgled.jpg\"\n\t\t\t\t\twidth=\"240\"\n\t\t\t\t\theight=\"160\"\n\t\t\t\t\tstyle=\"max-width:100%;\"\n\t\t\t\t\/>\n\t\t\t<\/a>\n\t\t<\/div>\n\t\t\t\t\t\t\t<\/div>\n\t\t\t\n\t\t\t\t<div id=\"ngg-image-5\" class=\"ngg-gallery-thumbnail-box\n\t\t\t\t\t\t\t\t\t\t\t\"\n\t\t\t>\n\t\t\t\t\t\t<div class=\"ngg-gallery-thumbnail\">\n\t\t\t<a href=\"https:\/\/dejavnosti.fmalgaja.si\/wp-content\/blogs.dir\/51165\/files\/graz-2019-4-7-razred\/grad-herberstein.jpg\"\n\t\t\t\ttitle=\"\"\n\t\t\t\tdata-src=\"https:\/\/dejavnosti.fmalgaja.si\/wp-content\/blogs.dir\/51165\/files\/graz-2019-4-7-razred\/grad-herberstein.jpg\"\n\t\t\t\tdata-thumbnail=\"https:\/\/dejavnosti.fmalgaja.si\/wp-content\/blogs.dir\/51165\/files\/graz-2019-4-7-razred\/thumbs\/thumbs-grad-herberstein.jpg\"\n\t\t\t\tdata-image-id=\"28\"\n\t\t\t\tdata-title=\"grad-herberstein\"\n\t\t\t\tdata-description=\"\"\n\t\t\t\tdata-image-slug=\"grad-herberstein\"\n\t\t\t\tclass=\"ngg-simplelightbox\" rel=\"7e219b793290a1f7d043af8606f624f0\">\n\t\t\t\t<img\n\t\t\t\t\ttitle=\"grad-herberstein\"\n\t\t\t\t\talt=\"grad-herberstein\"\n\t\t\t\t\tsrc=\"https:\/\/dejavnosti.fmalgaja.si\/wp-content\/blogs.dir\/51165\/files\/graz-2019-4-7-razred\/thumbs\/thumbs-grad-herberstein.jpg\"\n\t\t\t\t\twidth=\"240\"\n\t\t\t\t\theight=\"160\"\n\t\t\t\t\tstyle=\"max-width:100%;\"\n\t\t\t\t\/>\n\t\t\t<\/a>\n\t\t<\/div>\n\t\t\t\t\t\t\t<\/div>\n\t\t\t\n\t\t\t\t<div id=\"ngg-image-6\" class=\"ngg-gallery-thumbnail-box\n\t\t\t\t\t\t\t\t\t\t\t\"\n\t\t\t>\n\t\t\t\t\t\t<div class=\"ngg-gallery-thumbnail\">\n\t\t\t<a href=\"https:\/\/dejavnosti.fmalgaja.si\/wp-content\/blogs.dir\/51165\/files\/graz-2019-4-7-razred\/herberstein.jpg\"\n\t\t\t\ttitle=\"\"\n\t\t\t\tdata-src=\"https:\/\/dejavnosti.fmalgaja.si\/wp-content\/blogs.dir\/51165\/files\/graz-2019-4-7-razred\/herberstein.jpg\"\n\t\t\t\tdata-thumbnail=\"https:\/\/dejavnosti.fmalgaja.si\/wp-content\/blogs.dir\/51165\/files\/graz-2019-4-7-razred\/thumbs\/thumbs-herberstein.jpg\"\n\t\t\t\tdata-image-id=\"29\"\n\t\t\t\tdata-title=\"herberstein\"\n\t\t\t\tdata-description=\"\"\n\t\t\t\tdata-image-slug=\"herberstein\"\n\t\t\t\tclass=\"ngg-simplelightbox\" rel=\"7e219b793290a1f7d043af8606f624f0\">\n\t\t\t\t<img\n\t\t\t\t\ttitle=\"herberstein\"\n\t\t\t\t\talt=\"herberstein\"\n\t\t\t\t\tsrc=\"https:\/\/dejavnosti.fmalgaja.si\/wp-content\/blogs.dir\/51165\/files\/graz-2019-4-7-razred\/thumbs\/thumbs-herberstein.jpg\"\n\t\t\t\t\twidth=\"240\"\n\t\t\t\t\theight=\"160\"\n\t\t\t\t\tstyle=\"max-width:100%;\"\n\t\t\t\t\/>\n\t\t\t<\/a>\n\t\t<\/div>\n\t\t\t\t\t\t\t<\/div>\n\t\t\t\n\t\t\t\t<div id=\"ngg-image-7\" class=\"ngg-gallery-thumbnail-box\n\t\t\t\t\t\t\t\t\t\t\t\"\n\t\t\t>\n\t\t\t\t\t\t<div class=\"ngg-gallery-thumbnail\">\n\t\t\t<a href=\"https:\/\/dejavnosti.fmalgaja.si\/wp-content\/blogs.dir\/51165\/files\/graz-2019-4-7-razred\/grad-herberstein-2.jpg\"\n\t\t\t\ttitle=\"\"\n\t\t\t\tdata-src=\"https:\/\/dejavnosti.fmalgaja.si\/wp-content\/blogs.dir\/51165\/files\/graz-2019-4-7-razred\/grad-herberstein-2.jpg\"\n\t\t\t\tdata-thumbnail=\"https:\/\/dejavnosti.fmalgaja.si\/wp-content\/blogs.dir\/51165\/files\/graz-2019-4-7-razred\/thumbs\/thumbs-grad-herberstein-2.jpg\"\n\t\t\t\tdata-image-id=\"31\"\n\t\t\t\tdata-title=\"grad-herberstein-2\"\n\t\t\t\tdata-description=\"\"\n\t\t\t\tdata-image-slug=\"grad-herberstein-2\"\n\t\t\t\tclass=\"ngg-simplelightbox\" rel=\"7e219b793290a1f7d043af8606f624f0\">\n\t\t\t\t<img\n\t\t\t\t\ttitle=\"grad-herberstein-2\"\n\t\t\t\t\talt=\"grad-herberstein-2\"\n\t\t\t\t\tsrc=\"https:\/\/dejavnosti.fmalgaja.si\/wp-content\/blogs.dir\/51165\/files\/graz-2019-4-7-razred\/thumbs\/thumbs-grad-herberstein-2.jpg\"\n\t\t\t\t\twidth=\"240\"\n\t\t\t\t\theight=\"160\"\n\t\t\t\t\tstyle=\"max-width:100%;\"\n\t\t\t\t\/>\n\t\t\t<\/a>\n\t\t<\/div>\n\t\t\t\t\t\t\t<\/div>\n\t\t\t\n\t\t\t\t<div id=\"ngg-image-8\" class=\"ngg-gallery-thumbnail-box\n\t\t\t\t\t\t\t\t\t\t\t\"\n\t\t\t>\n\t\t\t\t\t\t<div class=\"ngg-gallery-thumbnail\">\n\t\t\t<a href=\"https:\/\/dejavnosti.fmalgaja.si\/wp-content\/blogs.dir\/51165\/files\/graz-2019-4-7-razred\/herberstein-3.jpg\"\n\t\t\t\ttitle=\"\"\n\t\t\t\tdata-src=\"https:\/\/dejavnosti.fmalgaja.si\/wp-content\/blogs.dir\/51165\/files\/graz-2019-4-7-razred\/herberstein-3.jpg\"\n\t\t\t\tdata-thumbnail=\"https:\/\/dejavnosti.fmalgaja.si\/wp-content\/blogs.dir\/51165\/files\/graz-2019-4-7-razred\/thumbs\/thumbs-herberstein-3.jpg\"\n\t\t\t\tdata-image-id=\"32\"\n\t\t\t\tdata-title=\"herberstein-3\"\n\t\t\t\tdata-description=\"\"\n\t\t\t\tdata-image-slug=\"herberstein-3\"\n\t\t\t\tclass=\"ngg-simplelightbox\" rel=\"7e219b793290a1f7d043af8606f624f0\">\n\t\t\t\t<img\n\t\t\t\t\ttitle=\"herberstein-3\"\n\t\t\t\t\talt=\"herberstein-3\"\n\t\t\t\t\tsrc=\"https:\/\/dejavnosti.fmalgaja.si\/wp-content\/blogs.dir\/51165\/files\/graz-2019-4-7-razred\/thumbs\/thumbs-herberstein-3.jpg\"\n\t\t\t\t\twidth=\"240\"\n\t\t\t\t\theight=\"160\"\n\t\t\t\t\tstyle=\"max-width:100%;\"\n\t\t\t\t\/>\n\t\t\t<\/a>\n\t\t<\/div>\n\t\t\t\t\t\t\t<\/div>\n\t\t\t\n\t\n\t<br style=\"clear: both\" \/>\n\n\t\n\t\t<!-- Pagination -->\n\t\t<div class='ngg-clear'><\/div>\t<\/div>\nVe\u010d prispevkov v projektu \u0161olskih ekskurzij v tujino:<\/p>\n","protected":false},"author":13044,"featured_media":0,"comment_status":"closed","ping_status":"closed","sticky":false,"template":"","format":"standard","meta":{"_et_pb_use_builder":"on","_et_pb_old_content":"","_et_gb_content_width":"","ngg_post_thumbnail":0,"footnotes":"","_expiration-date-status":"saved","_expiration-date":0,"_expiration-date-type":"","_expiration-date-categories":[],"_expiration-date-options":[]},"categories":[12],"tags":[],"class_list":["post-487","post","type-post","status-publish","format-standard","hentry","category-solske-ekskurzije"],"_links":{"self":[{"href":"https:\/\/dejavnosti.fmalgaja.si\/index.php?rest_route=\/wp\/v2\/posts\/487","targetHints":{"allow":["GET"]}}],"collection":[{"href":"https:\/\/dejavnosti.fmalgaja.si\/index.php?rest_route=\/wp\/v2\/posts"}],"about":[{"href":"https:\/\/dejavnosti.fmalgaja.si\/index.php?rest_route=\/wp\/v2\/types\/post"}],"author":[{"embeddable":true,"href":"https:\/\/dejavnosti.fmalgaja.si\/index.php?rest_route=\/wp\/v2\/users\/13044"}],"replies":[{"embeddable":true,"href":"https:\/\/dejavnosti.fmalgaja.si\/index.php?rest_route=%2Fwp%2Fv2%2Fcomments&post=487"}],"version-history":[{"count":5,"href":"https:\/\/dejavnosti.fmalgaja.si\/index.php?rest_route=\/wp\/v2\/posts\/487\/revisions"}],"predecessor-version":[{"id":554,"href":"https:\/\/dejavnosti.fmalgaja.si\/index.php?rest_route=\/wp\/v2\/posts\/487\/revisions\/554"}],"wp:attachment":[{"href":"https:\/\/dejavnosti.fmalgaja.si\/index.php?rest_route=%2Fwp%2Fv2%2Fmedia&parent=487"}],"wp:term":[{"taxonomy":"category","embeddable":true,"href":"https:\/\/dejavnosti.fmalgaja.si\/index.php?rest_route=%2Fwp%2Fv2%2Fcategories&post=487"},{"taxonomy":"post_tag","embeddable":true,"href":"https:\/\/dejavnosti.fmalgaja.si\/index.php?rest_route=%2Fwp%2Fv2%2Ftags&post=487"}],"curies":[{"name":"wp","href":"https:\/\/api.w.org\/{rel}","templated":true}]}}