{"id":501,"date":"2022-12-14T09:35:51","date_gmt":"2022-12-14T08:35:51","guid":{"rendered":"https:\/\/osfmdejavnosti.splet.arnes.si\/?p=501"},"modified":"2023-04-08T15:14:33","modified_gmt":"2023-04-08T13:14:33","slug":"munchen-26-5-27-5-2022-8-in-9-razred","status":"publish","type":"post","link":"https:\/\/dejavnosti.fmalgaja.si\/?p=501","title":{"rendered":"M\u00fcnchen: 26. 5 \u2013 27. 5. 2022 &#8211; 8. in 9. razred"},"content":{"rendered":"<p>[et_pb_section fb_built=&#8221;1&#8243; _builder_version=&#8221;4.18.0&#8243; background_color=&#8221;#0693e3&#8243; custom_margin=&#8221;-50px||||false|false&#8221; global_colors_info=&#8221;{}&#8221;][et_pb_row _builder_version=&#8221;4.18.0&#8243; _module_preset=&#8221;default&#8221; background_color=&#8221;#FFFFFF&#8221; background_size=&#8221;initial&#8221; background_position=&#8221;top_left&#8221; background_repeat=&#8221;repeat&#8221; custom_margin=&#8221;20px||20px||false|false&#8221; custom_padding=&#8221;40px|40px|40px|40px|true|true&#8221; box_shadow_style=&#8221;preset2&#8243; global_colors_info=&#8221;{}&#8221;][et_pb_column type=&#8221;4_4&#8243; _builder_version=&#8221;4.18.0&#8243; _module_preset=&#8221;default&#8221; global_colors_info=&#8221;{}&#8221;][et_pb_image src=&#8221;https:\/\/dejavnosti.fmalgaja.si\/files\/2022\/12\/Solske-Ekskurzije-napis-glava-prispevka.jpg&#8221; title_text=&#8221;Solske-Ekskurzije-napis-glava-prispevka&#8221; align=&#8221;center&#8221; _builder_version=&#8221;4.18.0&#8243; _module_preset=&#8221;default&#8221; locked=&#8221;off&#8221; global_colors_info=&#8221;{}&#8221;][\/et_pb_image][\/et_pb_column][\/et_pb_row][et_pb_row column_structure=&#8221;3_4,1_4&#8243; _builder_version=&#8221;4.18.0&#8243; background_color=&#8221;#FFFFFF&#8221; background_size=&#8221;initial&#8221; background_position=&#8221;top_left&#8221; background_repeat=&#8221;repeat&#8221; custom_padding=&#8221;40px|40px|40px|40px|true|true&#8221; box_shadow_style=&#8221;preset2&#8243; global_colors_info=&#8221;{}&#8221;][et_pb_column type=&#8221;3_4&#8243; _builder_version=&#8221;4.16&#8243; custom_padding=&#8221;|||&#8221; global_colors_info=&#8221;{}&#8221; custom_padding__hover=&#8221;|||&#8221;][et_pb_post_title meta=&#8221;off&#8221; _builder_version=&#8221;4.18.0&#8243; _module_preset=&#8221;default&#8221; title_font=&#8221;|700|||||||&#8221; title_text_color=&#8221;#e09900&#8243; global_colors_info=&#8221;{}&#8221;][\/et_pb_post_title][et_pb_text admin_label=&#8221;VSEBINA PRISPEVKA ( besedilo + galerija slik )&#8221; _builder_version=&#8221;4.18.0&#8243; background_size=&#8221;initial&#8221; background_position=&#8221;top_left&#8221; background_repeat=&#8221;repeat&#8221; hover_enabled=&#8221;0&#8243; global_colors_info=&#8221;{}&#8221; sticky_enabled=&#8221;0&#8243;][\/et_pb_text][et_pb_text _builder_version=&#8221;4.18.0&#8243; _module_preset=&#8221;default&#8221; hover_enabled=&#8221;0&#8243; global_colors_info=&#8221;{}&#8221; sticky_enabled=&#8221;0&#8243;]<\/p>\n<p>U\u010denci 8. in 9. razreda, ki obiskujejo nem\u0161\u010dino, so se odpravili na dvodnevno ekskurzijo v bavarsko prestolnico, M\u00fcnchen. Imeli smo zelo zanimiv in pester program ter pre\u017eiveli dva zelo spro\u0161\u010dena, aktivna in zabavna dneva. Izlet bo vsem prisotnim ostal v zelo lepem spominu.<\/p>\nngg_shortcode_0_placeholder\n<p>[\/et_pb_text][\/et_pb_column][et_pb_column type=&#8221;1_4&#8243; _builder_version=&#8221;4.16&#8243; custom_padding=&#8221;|||&#8221; global_colors_info=&#8221;{}&#8221; custom_padding__hover=&#8221;|||&#8221;][et_pb_text admin_label=&#8221;Text&#8221; _builder_version=&#8221;4.18.0&#8243; _module_preset=&#8221;default&#8221; custom_padding=&#8221;20px|20px|20px|20px|true|true&#8221; box_shadow_style=&#8221;preset2&#8243; global_colors_info=&#8221;{}&#8221;]<strong>Ve\u010d prispevkov v projektu \u0161olskih ekskurzij v tujino: <\/strong> [\/et_pb_text][et_pb_blog posts_number=&#8221;5&#8243; include_categories=&#8221;12&#8243; show_thumbnail=&#8221;off&#8221; excerpt_length=&#8221;100&#8243; show_author=&#8221;off&#8221; show_date=&#8221;off&#8221; show_categories=&#8221;off&#8221; show_excerpt=&#8221;off&#8221; _builder_version=&#8221;4.18.0&#8243; _module_preset=&#8221;default&#8221; header_font=&#8221;|700|||||||&#8221; header_font_size=&#8221;14px&#8221; header_line_height=&#8221;1.2em&#8221; custom_margin=&#8221;||||false|false&#8221; custom_padding=&#8221;20px|10px||10px|false|false&#8221; custom_css_content=&#8221;margin-bottom: -20px;&#8221; box_shadow_style=&#8221;preset2&#8243; global_colors_info=&#8221;{}&#8221;][\/et_pb_blog][\/et_pb_column][\/et_pb_row][\/et_pb_section][et_pb_section fb_built=&#8221;1&#8243; _builder_version=&#8221;4.18.0&#8243; _module_preset=&#8221;default&#8221; background_color=&#8221;#d3d3d3&#8243; custom_margin=&#8221;20px||||false|false&#8221; global_module=&#8221;226&#8243; saved_tabs=&#8221;all&#8221; global_colors_info=&#8221;{}&#8221;][et_pb_row _builder_version=&#8221;4.18.0&#8243; _module_preset=&#8221;default&#8221; global_colors_info=&#8221;{}&#8221;][et_pb_column type=&#8221;4_4&#8243; _builder_version=&#8221;4.18.0&#8243; _module_preset=&#8221;default&#8221; global_colors_info=&#8221;{}&#8221;][et_pb_text _builder_version=&#8221;4.18.0&#8243; _module_preset=&#8221;default&#8221; width=&#8221;100%&#8221; global_colors_info=&#8221;{}&#8221;]<\/p>\n<table class=\" alignleft\" style=\"width: 100%\" bgcolor=\"#ffffff\">\n<tbody>\n<tr>\n<td><img loading=\"lazy\" decoding=\"async\" class=\"wp-image-199 alignnone size-full\" src=\"https:\/\/dejavnosti.fmalgaja.si\/files\/2022\/11\/osfm-NazivInNaslov.jpg\" alt=\"\" width=\"293\" height=\"98\"><\/td>\n<td><img loading=\"lazy\" decoding=\"async\" class=\"wp-image-4 alignnone  alignright\" src=\"https:\/\/dejavnosti.fmalgaja.si\/files\/2022\/10\/logo-150x150-1.png\" alt=\"\" width=\"100\" height=\"100\"><\/td>\n<\/tr>\n<\/tbody>\n<\/table>\n<p>[\/et_pb_text][\/et_pb_column][\/et_pb_row][\/et_pb_section]<\/p>\n","protected":false},"excerpt":{"rendered":"<p>U\u010denci 8. in 9. razreda, ki obiskujejo nem\u0161\u010dino, so se odpravili na dvodnevno ekskurzijo v bavarsko prestolnico, M\u00fcnchen. Imeli smo zelo zanimiv in pester program ter pre\u017eiveli dva zelo spro\u0161\u010dena, aktivna in zabavna dneva. Izlet bo vsem prisotnim ostal v zelo lepem spominu. <!-- default-view.php -->\n<div\n\tclass=\"ngg-galleryoverview default-view\n\t\t\"\n\tid=\"ngg-gallery-c976fc2c31e838c73f69db983e502c06-1\">\n\n\t\t<!-- Thumbnails -->\n\t\t\t\t<div id=\"ngg-image-0\" class=\"ngg-gallery-thumbnail-box\n\t\t\t\t\t\t\t\t\t\t\t\"\n\t\t\t>\n\t\t\t\t\t\t<div class=\"ngg-gallery-thumbnail\">\n\t\t\t<a href=\"https:\/\/dejavnosti.fmalgaja.si\/wp-content\/blogs.dir\/51165\/files\/munchen-26-5-27-5-2022\/Rudnik-soli.jpg\"\n\t\t\t\ttitle=\"\"\n\t\t\t\tdata-src=\"https:\/\/dejavnosti.fmalgaja.si\/wp-content\/blogs.dir\/51165\/files\/munchen-26-5-27-5-2022\/Rudnik-soli.jpg\"\n\t\t\t\tdata-thumbnail=\"https:\/\/dejavnosti.fmalgaja.si\/wp-content\/blogs.dir\/51165\/files\/munchen-26-5-27-5-2022\/thumbs\/thumbs-Rudnik-soli.jpg\"\n\t\t\t\tdata-image-id=\"80\"\n\t\t\t\tdata-title=\"Rudnik-soli\"\n\t\t\t\tdata-description=\"\"\n\t\t\t\tdata-image-slug=\"rudnik-soli\"\n\t\t\t\tclass=\"ngg-simplelightbox\" rel=\"c976fc2c31e838c73f69db983e502c06\">\n\t\t\t\t<img\n\t\t\t\t\ttitle=\"Rudnik-soli\"\n\t\t\t\t\talt=\"Rudnik-soli\"\n\t\t\t\t\tsrc=\"https:\/\/dejavnosti.fmalgaja.si\/wp-content\/blogs.dir\/51165\/files\/munchen-26-5-27-5-2022\/thumbs\/thumbs-Rudnik-soli.jpg\"\n\t\t\t\t\twidth=\"240\"\n\t\t\t\t\theight=\"160\"\n\t\t\t\t\tstyle=\"max-width:100%;\"\n\t\t\t\t\/>\n\t\t\t<\/a>\n\t\t<\/div>\n\t\t\t\t\t\t\t<\/div>\n\t\t\t\n\t\t\t\t<div id=\"ngg-image-1\" class=\"ngg-gallery-thumbnail-box\n\t\t\t\t\t\t\t\t\t\t\t\"\n\t\t\t>\n\t\t\t\t\t\t<div class=\"ngg-gallery-thumbnail\">\n\t\t\t<a href=\"https:\/\/dejavnosti.fmalgaja.si\/wp-content\/blogs.dir\/51165\/files\/munchen-26-5-27-5-2022\/Rudnik-soli-2.jpg\"\n\t\t\t\ttitle=\"\"\n\t\t\t\tdata-src=\"https:\/\/dejavnosti.fmalgaja.si\/wp-content\/blogs.dir\/51165\/files\/munchen-26-5-27-5-2022\/Rudnik-soli-2.jpg\"\n\t\t\t\tdata-thumbnail=\"https:\/\/dejavnosti.fmalgaja.si\/wp-content\/blogs.dir\/51165\/files\/munchen-26-5-27-5-2022\/thumbs\/thumbs-Rudnik-soli-2.jpg\"\n\t\t\t\tdata-image-id=\"79\"\n\t\t\t\tdata-title=\"Rudnik-soli-2\"\n\t\t\t\tdata-description=\"\"\n\t\t\t\tdata-image-slug=\"rudnik-soli-2\"\n\t\t\t\tclass=\"ngg-simplelightbox\" rel=\"c976fc2c31e838c73f69db983e502c06\">\n\t\t\t\t<img\n\t\t\t\t\ttitle=\"Rudnik-soli-2\"\n\t\t\t\t\talt=\"Rudnik-soli-2\"\n\t\t\t\t\tsrc=\"https:\/\/dejavnosti.fmalgaja.si\/wp-content\/blogs.dir\/51165\/files\/munchen-26-5-27-5-2022\/thumbs\/thumbs-Rudnik-soli-2.jpg\"\n\t\t\t\t\twidth=\"240\"\n\t\t\t\t\theight=\"160\"\n\t\t\t\t\tstyle=\"max-width:100%;\"\n\t\t\t\t\/>\n\t\t\t<\/a>\n\t\t<\/div>\n\t\t\t\t\t\t\t<\/div>\n\t\t\t\n\t\t\t\t<div id=\"ngg-image-2\" class=\"ngg-gallery-thumbnail-box\n\t\t\t\t\t\t\t\t\t\t\t\"\n\t\t\t>\n\t\t\t\t\t\t<div class=\"ngg-gallery-thumbnail\">\n\t\t\t<a href=\"https:\/\/dejavnosti.fmalgaja.si\/wp-content\/blogs.dir\/51165\/files\/munchen-26-5-27-5-2022\/Munchen-3.jpg\"\n\t\t\t\ttitle=\"\"\n\t\t\t\tdata-src=\"https:\/\/dejavnosti.fmalgaja.si\/wp-content\/blogs.dir\/51165\/files\/munchen-26-5-27-5-2022\/Munchen-3.jpg\"\n\t\t\t\tdata-thumbnail=\"https:\/\/dejavnosti.fmalgaja.si\/wp-content\/blogs.dir\/51165\/files\/munchen-26-5-27-5-2022\/thumbs\/thumbs-Munchen-3.jpg\"\n\t\t\t\tdata-image-id=\"65\"\n\t\t\t\tdata-title=\"Munchen-3\"\n\t\t\t\tdata-description=\"\"\n\t\t\t\tdata-image-slug=\"munchen-3\"\n\t\t\t\tclass=\"ngg-simplelightbox\" rel=\"c976fc2c31e838c73f69db983e502c06\">\n\t\t\t\t<img\n\t\t\t\t\ttitle=\"Munchen-3\"\n\t\t\t\t\talt=\"Munchen-3\"\n\t\t\t\t\tsrc=\"https:\/\/dejavnosti.fmalgaja.si\/wp-content\/blogs.dir\/51165\/files\/munchen-26-5-27-5-2022\/thumbs\/thumbs-Munchen-3.jpg\"\n\t\t\t\t\twidth=\"240\"\n\t\t\t\t\theight=\"160\"\n\t\t\t\t\tstyle=\"max-width:100%;\"\n\t\t\t\t\/>\n\t\t\t<\/a>\n\t\t<\/div>\n\t\t\t\t\t\t\t<\/div>\n\t\t\t\n\t\t\t\t<div id=\"ngg-image-3\" class=\"ngg-gallery-thumbnail-box\n\t\t\t\t\t\t\t\t\t\t\t\"\n\t\t\t>\n\t\t\t\t\t\t<div class=\"ngg-gallery-thumbnail\">\n\t\t\t<a href=\"https:\/\/dejavnosti.fmalgaja.si\/wp-content\/blogs.dir\/51165\/files\/munchen-26-5-27-5-2022\/Munchen-2.jpg\"\n\t\t\t\ttitle=\"\"\n\t\t\t\tdata-src=\"https:\/\/dejavnosti.fmalgaja.si\/wp-content\/blogs.dir\/51165\/files\/munchen-26-5-27-5-2022\/Munchen-2.jpg\"\n\t\t\t\tdata-thumbnail=\"https:\/\/dejavnosti.fmalgaja.si\/wp-content\/blogs.dir\/51165\/files\/munchen-26-5-27-5-2022\/thumbs\/thumbs-Munchen-2.jpg\"\n\t\t\t\tdata-image-id=\"66\"\n\t\t\t\tdata-title=\"Munchen-2\"\n\t\t\t\tdata-description=\"\"\n\t\t\t\tdata-image-slug=\"munchen-2\"\n\t\t\t\tclass=\"ngg-simplelightbox\" rel=\"c976fc2c31e838c73f69db983e502c06\">\n\t\t\t\t<img\n\t\t\t\t\ttitle=\"Munchen-2\"\n\t\t\t\t\talt=\"Munchen-2\"\n\t\t\t\t\tsrc=\"https:\/\/dejavnosti.fmalgaja.si\/wp-content\/blogs.dir\/51165\/files\/munchen-26-5-27-5-2022\/thumbs\/thumbs-Munchen-2.jpg\"\n\t\t\t\t\twidth=\"240\"\n\t\t\t\t\theight=\"160\"\n\t\t\t\t\tstyle=\"max-width:100%;\"\n\t\t\t\t\/>\n\t\t\t<\/a>\n\t\t<\/div>\n\t\t\t\t\t\t\t<\/div>\n\t\t\t\n\t\t\t\t<div id=\"ngg-image-4\" class=\"ngg-gallery-thumbnail-box\n\t\t\t\t\t\t\t\t\t\t\t\"\n\t\t\t>\n\t\t\t\t\t\t<div class=\"ngg-gallery-thumbnail\">\n\t\t\t<a href=\"https:\/\/dejavnosti.fmalgaja.si\/wp-content\/blogs.dir\/51165\/files\/munchen-26-5-27-5-2022\/Munchen.jpg\"\n\t\t\t\ttitle=\"\"\n\t\t\t\tdata-src=\"https:\/\/dejavnosti.fmalgaja.si\/wp-content\/blogs.dir\/51165\/files\/munchen-26-5-27-5-2022\/Munchen.jpg\"\n\t\t\t\tdata-thumbnail=\"https:\/\/dejavnosti.fmalgaja.si\/wp-content\/blogs.dir\/51165\/files\/munchen-26-5-27-5-2022\/thumbs\/thumbs-Munchen.jpg\"\n\t\t\t\tdata-image-id=\"69\"\n\t\t\t\tdata-title=\"Munchen\"\n\t\t\t\tdata-description=\"\"\n\t\t\t\tdata-image-slug=\"munchen-6\"\n\t\t\t\tclass=\"ngg-simplelightbox\" rel=\"c976fc2c31e838c73f69db983e502c06\">\n\t\t\t\t<img\n\t\t\t\t\ttitle=\"Munchen\"\n\t\t\t\t\talt=\"Munchen\"\n\t\t\t\t\tsrc=\"https:\/\/dejavnosti.fmalgaja.si\/wp-content\/blogs.dir\/51165\/files\/munchen-26-5-27-5-2022\/thumbs\/thumbs-Munchen.jpg\"\n\t\t\t\t\twidth=\"240\"\n\t\t\t\t\theight=\"160\"\n\t\t\t\t\tstyle=\"max-width:100%;\"\n\t\t\t\t\/>\n\t\t\t<\/a>\n\t\t<\/div>\n\t\t\t\t\t\t\t<\/div>\n\t\t\t\n\t\t\t\t<div id=\"ngg-image-5\" class=\"ngg-gallery-thumbnail-box\n\t\t\t\t\t\t\t\t\t\t\t\"\n\t\t\t>\n\t\t\t\t\t\t<div class=\"ngg-gallery-thumbnail\">\n\t\t\t<a href=\"https:\/\/dejavnosti.fmalgaja.si\/wp-content\/blogs.dir\/51165\/files\/munchen-26-5-27-5-2022\/Muzej-4.jpg\"\n\t\t\t\ttitle=\"\"\n\t\t\t\tdata-src=\"https:\/\/dejavnosti.fmalgaja.si\/wp-content\/blogs.dir\/51165\/files\/munchen-26-5-27-5-2022\/Muzej-4.jpg\"\n\t\t\t\tdata-thumbnail=\"https:\/\/dejavnosti.fmalgaja.si\/wp-content\/blogs.dir\/51165\/files\/munchen-26-5-27-5-2022\/thumbs\/thumbs-Muzej-4.jpg\"\n\t\t\t\tdata-image-id=\"71\"\n\t\t\t\tdata-title=\"Muzej-4\"\n\t\t\t\tdata-description=\"\"\n\t\t\t\tdata-image-slug=\"muzej-4\"\n\t\t\t\tclass=\"ngg-simplelightbox\" rel=\"c976fc2c31e838c73f69db983e502c06\">\n\t\t\t\t<img\n\t\t\t\t\ttitle=\"Muzej-4\"\n\t\t\t\t\talt=\"Muzej-4\"\n\t\t\t\t\tsrc=\"https:\/\/dejavnosti.fmalgaja.si\/wp-content\/blogs.dir\/51165\/files\/munchen-26-5-27-5-2022\/thumbs\/thumbs-Muzej-4.jpg\"\n\t\t\t\t\twidth=\"240\"\n\t\t\t\t\theight=\"160\"\n\t\t\t\t\tstyle=\"max-width:100%;\"\n\t\t\t\t\/>\n\t\t\t<\/a>\n\t\t<\/div>\n\t\t\t\t\t\t\t<\/div>\n\t\t\t\n\t\t\t\t<div id=\"ngg-image-6\" class=\"ngg-gallery-thumbnail-box\n\t\t\t\t\t\t\t\t\t\t\t\"\n\t\t\t>\n\t\t\t\t\t\t<div class=\"ngg-gallery-thumbnail\">\n\t\t\t<a href=\"https:\/\/dejavnosti.fmalgaja.si\/wp-content\/blogs.dir\/51165\/files\/munchen-26-5-27-5-2022\/Muzej-2.jpg\"\n\t\t\t\ttitle=\"\"\n\t\t\t\tdata-src=\"https:\/\/dejavnosti.fmalgaja.si\/wp-content\/blogs.dir\/51165\/files\/munchen-26-5-27-5-2022\/Muzej-2.jpg\"\n\t\t\t\tdata-thumbnail=\"https:\/\/dejavnosti.fmalgaja.si\/wp-content\/blogs.dir\/51165\/files\/munchen-26-5-27-5-2022\/thumbs\/thumbs-Muzej-2.jpg\"\n\t\t\t\tdata-image-id=\"67\"\n\t\t\t\tdata-title=\"Muzej-2\"\n\t\t\t\tdata-description=\"\"\n\t\t\t\tdata-image-slug=\"muzej-2\"\n\t\t\t\tclass=\"ngg-simplelightbox\" rel=\"c976fc2c31e838c73f69db983e502c06\">\n\t\t\t\t<img\n\t\t\t\t\ttitle=\"Muzej-2\"\n\t\t\t\t\talt=\"Muzej-2\"\n\t\t\t\t\tsrc=\"https:\/\/dejavnosti.fmalgaja.si\/wp-content\/blogs.dir\/51165\/files\/munchen-26-5-27-5-2022\/thumbs\/thumbs-Muzej-2.jpg\"\n\t\t\t\t\twidth=\"240\"\n\t\t\t\t\theight=\"160\"\n\t\t\t\t\tstyle=\"max-width:100%;\"\n\t\t\t\t\/>\n\t\t\t<\/a>\n\t\t<\/div>\n\t\t\t\t\t\t\t<\/div>\n\t\t\t\n\t\t\t\t<div id=\"ngg-image-7\" class=\"ngg-gallery-thumbnail-box\n\t\t\t\t\t\t\t\t\t\t\t\"\n\t\t\t>\n\t\t\t\t\t\t<div class=\"ngg-gallery-thumbnail\">\n\t\t\t<a href=\"https:\/\/dejavnosti.fmalgaja.si\/wp-content\/blogs.dir\/51165\/files\/munchen-26-5-27-5-2022\/Muzej-3.jpg\"\n\t\t\t\ttitle=\"\"\n\t\t\t\tdata-src=\"https:\/\/dejavnosti.fmalgaja.si\/wp-content\/blogs.dir\/51165\/files\/munchen-26-5-27-5-2022\/Muzej-3.jpg\"\n\t\t\t\tdata-thumbnail=\"https:\/\/dejavnosti.fmalgaja.si\/wp-content\/blogs.dir\/51165\/files\/munchen-26-5-27-5-2022\/thumbs\/thumbs-Muzej-3.jpg\"\n\t\t\t\tdata-image-id=\"70\"\n\t\t\t\tdata-title=\"Muzej-3\"\n\t\t\t\tdata-description=\"\"\n\t\t\t\tdata-image-slug=\"muzej-3\"\n\t\t\t\tclass=\"ngg-simplelightbox\" rel=\"c976fc2c31e838c73f69db983e502c06\">\n\t\t\t\t<img\n\t\t\t\t\ttitle=\"Muzej-3\"\n\t\t\t\t\talt=\"Muzej-3\"\n\t\t\t\t\tsrc=\"https:\/\/dejavnosti.fmalgaja.si\/wp-content\/blogs.dir\/51165\/files\/munchen-26-5-27-5-2022\/thumbs\/thumbs-Muzej-3.jpg\"\n\t\t\t\t\twidth=\"240\"\n\t\t\t\t\theight=\"160\"\n\t\t\t\t\tstyle=\"max-width:100%;\"\n\t\t\t\t\/>\n\t\t\t<\/a>\n\t\t<\/div>\n\t\t\t\t\t\t\t<\/div>\n\t\t\t\n\t\t\t\t<div id=\"ngg-image-8\" class=\"ngg-gallery-thumbnail-box\n\t\t\t\t\t\t\t\t\t\t\t\"\n\t\t\t>\n\t\t\t\t\t\t<div class=\"ngg-gallery-thumbnail\">\n\t\t\t<a href=\"https:\/\/dejavnosti.fmalgaja.si\/wp-content\/blogs.dir\/51165\/files\/munchen-26-5-27-5-2022\/Muzej.jpg\"\n\t\t\t\ttitle=\"\"\n\t\t\t\tdata-src=\"https:\/\/dejavnosti.fmalgaja.si\/wp-content\/blogs.dir\/51165\/files\/munchen-26-5-27-5-2022\/Muzej.jpg\"\n\t\t\t\tdata-thumbnail=\"https:\/\/dejavnosti.fmalgaja.si\/wp-content\/blogs.dir\/51165\/files\/munchen-26-5-27-5-2022\/thumbs\/thumbs-Muzej.jpg\"\n\t\t\t\tdata-image-id=\"78\"\n\t\t\t\tdata-title=\"Muzej\"\n\t\t\t\tdata-description=\"\"\n\t\t\t\tdata-image-slug=\"muzej-5\"\n\t\t\t\tclass=\"ngg-simplelightbox\" rel=\"c976fc2c31e838c73f69db983e502c06\">\n\t\t\t\t<img\n\t\t\t\t\ttitle=\"Muzej\"\n\t\t\t\t\talt=\"Muzej\"\n\t\t\t\t\tsrc=\"https:\/\/dejavnosti.fmalgaja.si\/wp-content\/blogs.dir\/51165\/files\/munchen-26-5-27-5-2022\/thumbs\/thumbs-Muzej.jpg\"\n\t\t\t\t\twidth=\"240\"\n\t\t\t\t\theight=\"160\"\n\t\t\t\t\tstyle=\"max-width:100%;\"\n\t\t\t\t\/>\n\t\t\t<\/a>\n\t\t<\/div>\n\t\t\t\t\t\t\t<\/div>\n\t\t\t\n\t\t\t\t<div id=\"ngg-image-9\" class=\"ngg-gallery-thumbnail-box\n\t\t\t\t\t\t\t\t\t\t\t\"\n\t\t\t>\n\t\t\t\t\t\t<div class=\"ngg-gallery-thumbnail\">\n\t\t\t<a href=\"https:\/\/dejavnosti.fmalgaja.si\/wp-content\/blogs.dir\/51165\/files\/munchen-26-5-27-5-2022\/Muzej-BMW-4.jpg\"\n\t\t\t\ttitle=\"\"\n\t\t\t\tdata-src=\"https:\/\/dejavnosti.fmalgaja.si\/wp-content\/blogs.dir\/51165\/files\/munchen-26-5-27-5-2022\/Muzej-BMW-4.jpg\"\n\t\t\t\tdata-thumbnail=\"https:\/\/dejavnosti.fmalgaja.si\/wp-content\/blogs.dir\/51165\/files\/munchen-26-5-27-5-2022\/thumbs\/thumbs-Muzej-BMW-4.jpg\"\n\t\t\t\tdata-image-id=\"75\"\n\t\t\t\tdata-title=\"Muzej-BMW-4\"\n\t\t\t\tdata-description=\"\"\n\t\t\t\tdata-image-slug=\"muzej-bmw-4\"\n\t\t\t\tclass=\"ngg-simplelightbox\" rel=\"c976fc2c31e838c73f69db983e502c06\">\n\t\t\t\t<img\n\t\t\t\t\ttitle=\"Muzej-BMW-4\"\n\t\t\t\t\talt=\"Muzej-BMW-4\"\n\t\t\t\t\tsrc=\"https:\/\/dejavnosti.fmalgaja.si\/wp-content\/blogs.dir\/51165\/files\/munchen-26-5-27-5-2022\/thumbs\/thumbs-Muzej-BMW-4.jpg\"\n\t\t\t\t\twidth=\"240\"\n\t\t\t\t\theight=\"160\"\n\t\t\t\t\tstyle=\"max-width:100%;\"\n\t\t\t\t\/>\n\t\t\t<\/a>\n\t\t<\/div>\n\t\t\t\t\t\t\t<\/div>\n\t\t\t\n\t\t\t\t<div id=\"ngg-image-10\" class=\"ngg-gallery-thumbnail-box\n\t\t\t\t\t\t\t\t\t\t\t\"\n\t\t\t>\n\t\t\t\t\t\t<div class=\"ngg-gallery-thumbnail\">\n\t\t\t<a href=\"https:\/\/dejavnosti.fmalgaja.si\/wp-content\/blogs.dir\/51165\/files\/munchen-26-5-27-5-2022\/BMW.jpg\"\n\t\t\t\ttitle=\"\"\n\t\t\t\tdata-src=\"https:\/\/dejavnosti.fmalgaja.si\/wp-content\/blogs.dir\/51165\/files\/munchen-26-5-27-5-2022\/BMW.jpg\"\n\t\t\t\tdata-thumbnail=\"https:\/\/dejavnosti.fmalgaja.si\/wp-content\/blogs.dir\/51165\/files\/munchen-26-5-27-5-2022\/thumbs\/thumbs-BMW.jpg\"\n\t\t\t\tdata-image-id=\"72\"\n\t\t\t\tdata-title=\"BMW\"\n\t\t\t\tdata-description=\"\"\n\t\t\t\tdata-image-slug=\"bmw\"\n\t\t\t\tclass=\"ngg-simplelightbox\" rel=\"c976fc2c31e838c73f69db983e502c06\">\n\t\t\t\t<img\n\t\t\t\t\ttitle=\"BMW\"\n\t\t\t\t\talt=\"BMW\"\n\t\t\t\t\tsrc=\"https:\/\/dejavnosti.fmalgaja.si\/wp-content\/blogs.dir\/51165\/files\/munchen-26-5-27-5-2022\/thumbs\/thumbs-BMW.jpg\"\n\t\t\t\t\twidth=\"240\"\n\t\t\t\t\theight=\"160\"\n\t\t\t\t\tstyle=\"max-width:100%;\"\n\t\t\t\t\/>\n\t\t\t<\/a>\n\t\t<\/div>\n\t\t\t\t\t\t\t<\/div>\n\t\t\t\n\t\t\t\t<div id=\"ngg-image-11\" class=\"ngg-gallery-thumbnail-box\n\t\t\t\t\t\t\t\t\t\t\t\"\n\t\t\t>\n\t\t\t\t\t\t<div class=\"ngg-gallery-thumbnail\">\n\t\t\t<a href=\"https:\/\/dejavnosti.fmalgaja.si\/wp-content\/blogs.dir\/51165\/files\/munchen-26-5-27-5-2022\/Muzej-BMW-2.jpg\"\n\t\t\t\ttitle=\"\"\n\t\t\t\tdata-src=\"https:\/\/dejavnosti.fmalgaja.si\/wp-content\/blogs.dir\/51165\/files\/munchen-26-5-27-5-2022\/Muzej-BMW-2.jpg\"\n\t\t\t\tdata-thumbnail=\"https:\/\/dejavnosti.fmalgaja.si\/wp-content\/blogs.dir\/51165\/files\/munchen-26-5-27-5-2022\/thumbs\/thumbs-Muzej-BMW-2.jpg\"\n\t\t\t\tdata-image-id=\"73\"\n\t\t\t\tdata-title=\"Muzej-BMW-2\"\n\t\t\t\tdata-description=\"\"\n\t\t\t\tdata-image-slug=\"muzej-bmw-2\"\n\t\t\t\tclass=\"ngg-simplelightbox\" rel=\"c976fc2c31e838c73f69db983e502c06\">\n\t\t\t\t<img\n\t\t\t\t\ttitle=\"Muzej-BMW-2\"\n\t\t\t\t\talt=\"Muzej-BMW-2\"\n\t\t\t\t\tsrc=\"https:\/\/dejavnosti.fmalgaja.si\/wp-content\/blogs.dir\/51165\/files\/munchen-26-5-27-5-2022\/thumbs\/thumbs-Muzej-BMW-2.jpg\"\n\t\t\t\t\twidth=\"240\"\n\t\t\t\t\theight=\"160\"\n\t\t\t\t\tstyle=\"max-width:100%;\"\n\t\t\t\t\/>\n\t\t\t<\/a>\n\t\t<\/div>\n\t\t\t\t\t\t\t<\/div>\n\t\t\t\n\t\t\t\t<div id=\"ngg-image-12\" class=\"ngg-gallery-thumbnail-box\n\t\t\t\t\t\t\t\t\t\t\t\"\n\t\t\t>\n\t\t\t\t\t\t<div class=\"ngg-gallery-thumbnail\">\n\t\t\t<a href=\"https:\/\/dejavnosti.fmalgaja.si\/wp-content\/blogs.dir\/51165\/files\/munchen-26-5-27-5-2022\/Muzej-BMW-3.jpg\"\n\t\t\t\ttitle=\"\"\n\t\t\t\tdata-src=\"https:\/\/dejavnosti.fmalgaja.si\/wp-content\/blogs.dir\/51165\/files\/munchen-26-5-27-5-2022\/Muzej-BMW-3.jpg\"\n\t\t\t\tdata-thumbnail=\"https:\/\/dejavnosti.fmalgaja.si\/wp-content\/blogs.dir\/51165\/files\/munchen-26-5-27-5-2022\/thumbs\/thumbs-Muzej-BMW-3.jpg\"\n\t\t\t\tdata-image-id=\"74\"\n\t\t\t\tdata-title=\"Muzej-BMW-3\"\n\t\t\t\tdata-description=\"\"\n\t\t\t\tdata-image-slug=\"muzej-bmw-3\"\n\t\t\t\tclass=\"ngg-simplelightbox\" rel=\"c976fc2c31e838c73f69db983e502c06\">\n\t\t\t\t<img\n\t\t\t\t\ttitle=\"Muzej-BMW-3\"\n\t\t\t\t\talt=\"Muzej-BMW-3\"\n\t\t\t\t\tsrc=\"https:\/\/dejavnosti.fmalgaja.si\/wp-content\/blogs.dir\/51165\/files\/munchen-26-5-27-5-2022\/thumbs\/thumbs-Muzej-BMW-3.jpg\"\n\t\t\t\t\twidth=\"240\"\n\t\t\t\t\theight=\"160\"\n\t\t\t\t\tstyle=\"max-width:100%;\"\n\t\t\t\t\/>\n\t\t\t<\/a>\n\t\t<\/div>\n\t\t\t\t\t\t\t<\/div>\n\t\t\t\n\t\t\t\t<div id=\"ngg-image-13\" class=\"ngg-gallery-thumbnail-box\n\t\t\t\t\t\t\t\t\t\t\t\"\n\t\t\t>\n\t\t\t\t\t\t<div class=\"ngg-gallery-thumbnail\">\n\t\t\t<a href=\"https:\/\/dejavnosti.fmalgaja.si\/wp-content\/blogs.dir\/51165\/files\/munchen-26-5-27-5-2022\/Muzej-BMW.jpg\"\n\t\t\t\ttitle=\"\"\n\t\t\t\tdata-src=\"https:\/\/dejavnosti.fmalgaja.si\/wp-content\/blogs.dir\/51165\/files\/munchen-26-5-27-5-2022\/Muzej-BMW.jpg\"\n\t\t\t\tdata-thumbnail=\"https:\/\/dejavnosti.fmalgaja.si\/wp-content\/blogs.dir\/51165\/files\/munchen-26-5-27-5-2022\/thumbs\/thumbs-Muzej-BMW.jpg\"\n\t\t\t\tdata-image-id=\"76\"\n\t\t\t\tdata-title=\"Muzej-BMW\"\n\t\t\t\tdata-description=\"\"\n\t\t\t\tdata-image-slug=\"muzej-bmw-5\"\n\t\t\t\tclass=\"ngg-simplelightbox\" rel=\"c976fc2c31e838c73f69db983e502c06\">\n\t\t\t\t<img\n\t\t\t\t\ttitle=\"Muzej-BMW\"\n\t\t\t\t\talt=\"Muzej-BMW\"\n\t\t\t\t\tsrc=\"https:\/\/dejavnosti.fmalgaja.si\/wp-content\/blogs.dir\/51165\/files\/munchen-26-5-27-5-2022\/thumbs\/thumbs-Muzej-BMW.jpg\"\n\t\t\t\t\twidth=\"240\"\n\t\t\t\t\theight=\"160\"\n\t\t\t\t\tstyle=\"max-width:100%;\"\n\t\t\t\t\/>\n\t\t\t<\/a>\n\t\t<\/div>\n\t\t\t\t\t\t\t<\/div>\n\t\t\t\n\t\t\t\t<div id=\"ngg-image-14\" class=\"ngg-gallery-thumbnail-box\n\t\t\t\t\t\t\t\t\t\t\t\"\n\t\t\t>\n\t\t\t\t\t\t<div class=\"ngg-gallery-thumbnail\">\n\t\t\t<a href=\"https:\/\/dejavnosti.fmalgaja.si\/wp-content\/blogs.dir\/51165\/files\/munchen-26-5-27-5-2022\/mUZEKJ-bmw.jpg\"\n\t\t\t\ttitle=\"\"\n\t\t\t\tdata-src=\"https:\/\/dejavnosti.fmalgaja.si\/wp-content\/blogs.dir\/51165\/files\/munchen-26-5-27-5-2022\/mUZEKJ-bmw.jpg\"\n\t\t\t\tdata-thumbnail=\"https:\/\/dejavnosti.fmalgaja.si\/wp-content\/blogs.dir\/51165\/files\/munchen-26-5-27-5-2022\/thumbs\/thumbs-mUZEKJ-bmw.jpg\"\n\t\t\t\tdata-image-id=\"77\"\n\t\t\t\tdata-title=\"mUZEKJ-bmw\"\n\t\t\t\tdata-description=\"\"\n\t\t\t\tdata-image-slug=\"muzekj-bmw\"\n\t\t\t\tclass=\"ngg-simplelightbox\" rel=\"c976fc2c31e838c73f69db983e502c06\">\n\t\t\t\t<img\n\t\t\t\t\ttitle=\"mUZEKJ-bmw\"\n\t\t\t\t\talt=\"mUZEKJ-bmw\"\n\t\t\t\t\tsrc=\"https:\/\/dejavnosti.fmalgaja.si\/wp-content\/blogs.dir\/51165\/files\/munchen-26-5-27-5-2022\/thumbs\/thumbs-mUZEKJ-bmw.jpg\"\n\t\t\t\t\twidth=\"240\"\n\t\t\t\t\theight=\"160\"\n\t\t\t\t\tstyle=\"max-width:100%;\"\n\t\t\t\t\/>\n\t\t\t<\/a>\n\t\t<\/div>\n\t\t\t\t\t\t\t<\/div>\n\t\t\t\n\t\t\t\t<div id=\"ngg-image-15\" class=\"ngg-gallery-thumbnail-box\n\t\t\t\t\t\t\t\t\t\t\t\"\n\t\t\t>\n\t\t\t\t\t\t<div class=\"ngg-gallery-thumbnail\">\n\t\t\t<a href=\"https:\/\/dejavnosti.fmalgaja.si\/wp-content\/blogs.dir\/51165\/files\/munchen-26-5-27-5-2022\/Salon-BMW.jpg\"\n\t\t\t\ttitle=\"\"\n\t\t\t\tdata-src=\"https:\/\/dejavnosti.fmalgaja.si\/wp-content\/blogs.dir\/51165\/files\/munchen-26-5-27-5-2022\/Salon-BMW.jpg\"\n\t\t\t\tdata-thumbnail=\"https:\/\/dejavnosti.fmalgaja.si\/wp-content\/blogs.dir\/51165\/files\/munchen-26-5-27-5-2022\/thumbs\/thumbs-Salon-BMW.jpg\"\n\t\t\t\tdata-image-id=\"81\"\n\t\t\t\tdata-title=\"Salon-BMW\"\n\t\t\t\tdata-description=\"\"\n\t\t\t\tdata-image-slug=\"salon-bmw\"\n\t\t\t\tclass=\"ngg-simplelightbox\" rel=\"c976fc2c31e838c73f69db983e502c06\">\n\t\t\t\t<img\n\t\t\t\t\ttitle=\"Salon-BMW\"\n\t\t\t\t\talt=\"Salon-BMW\"\n\t\t\t\t\tsrc=\"https:\/\/dejavnosti.fmalgaja.si\/wp-content\/blogs.dir\/51165\/files\/munchen-26-5-27-5-2022\/thumbs\/thumbs-Salon-BMW.jpg\"\n\t\t\t\t\twidth=\"240\"\n\t\t\t\t\theight=\"160\"\n\t\t\t\t\tstyle=\"max-width:100%;\"\n\t\t\t\t\/>\n\t\t\t<\/a>\n\t\t<\/div>\n\t\t\t\t\t\t\t<\/div>\n\t\t\t\n\t\t\t\t<div id=\"ngg-image-16\" class=\"ngg-gallery-thumbnail-box\n\t\t\t\t\t\t\t\t\t\t\t\"\n\t\t\t>\n\t\t\t\t\t\t<div class=\"ngg-gallery-thumbnail\">\n\t\t\t<a href=\"https:\/\/dejavnosti.fmalgaja.si\/wp-content\/blogs.dir\/51165\/files\/munchen-26-5-27-5-2022\/Munchen-5.jpg\"\n\t\t\t\ttitle=\"\"\n\t\t\t\tdata-src=\"https:\/\/dejavnosti.fmalgaja.si\/wp-content\/blogs.dir\/51165\/files\/munchen-26-5-27-5-2022\/Munchen-5.jpg\"\n\t\t\t\tdata-thumbnail=\"https:\/\/dejavnosti.fmalgaja.si\/wp-content\/blogs.dir\/51165\/files\/munchen-26-5-27-5-2022\/thumbs\/thumbs-Munchen-5.jpg\"\n\t\t\t\tdata-image-id=\"68\"\n\t\t\t\tdata-title=\"Munchen-5\"\n\t\t\t\tdata-description=\"\"\n\t\t\t\tdata-image-slug=\"munchen-5\"\n\t\t\t\tclass=\"ngg-simplelightbox\" rel=\"c976fc2c31e838c73f69db983e502c06\">\n\t\t\t\t<img\n\t\t\t\t\ttitle=\"Munchen-5\"\n\t\t\t\t\talt=\"Munchen-5\"\n\t\t\t\t\tsrc=\"https:\/\/dejavnosti.fmalgaja.si\/wp-content\/blogs.dir\/51165\/files\/munchen-26-5-27-5-2022\/thumbs\/thumbs-Munchen-5.jpg\"\n\t\t\t\t\twidth=\"240\"\n\t\t\t\t\theight=\"160\"\n\t\t\t\t\tstyle=\"max-width:100%;\"\n\t\t\t\t\/>\n\t\t\t<\/a>\n\t\t<\/div>\n\t\t\t\t\t\t\t<\/div>\n\t\t\t\n\t\n\t<br style=\"clear: both\" \/>\n\n\t\n\t\t<!-- Pagination -->\n\t\t<div class='ngg-clear'><\/div>\t<\/div>\nVe\u010d prispevkov v projektu \u0161olskih ekskurzij v tujino:<\/p>\n","protected":false},"author":13044,"featured_media":0,"comment_status":"closed","ping_status":"closed","sticky":false,"template":"","format":"standard","meta":{"_et_pb_use_builder":"on","_et_pb_old_content":"","_et_gb_content_width":"","ngg_post_thumbnail":0,"footnotes":"","_expiration-date-status":"saved","_expiration-date":0,"_expiration-date-type":"","_expiration-date-categories":[],"_expiration-date-options":[]},"categories":[12],"tags":[],"class_list":["post-501","post","type-post","status-publish","format-standard","hentry","category-solske-ekskurzije"],"_links":{"self":[{"href":"https:\/\/dejavnosti.fmalgaja.si\/index.php?rest_route=\/wp\/v2\/posts\/501","targetHints":{"allow":["GET"]}}],"collection":[{"href":"https:\/\/dejavnosti.fmalgaja.si\/index.php?rest_route=\/wp\/v2\/posts"}],"about":[{"href":"https:\/\/dejavnosti.fmalgaja.si\/index.php?rest_route=\/wp\/v2\/types\/post"}],"author":[{"embeddable":true,"href":"https:\/\/dejavnosti.fmalgaja.si\/index.php?rest_route=\/wp\/v2\/users\/13044"}],"replies":[{"embeddable":true,"href":"https:\/\/dejavnosti.fmalgaja.si\/index.php?rest_route=%2Fwp%2Fv2%2Fcomments&post=501"}],"version-history":[{"count":13,"href":"https:\/\/dejavnosti.fmalgaja.si\/index.php?rest_route=\/wp\/v2\/posts\/501\/revisions"}],"predecessor-version":[{"id":1345,"href":"https:\/\/dejavnosti.fmalgaja.si\/index.php?rest_route=\/wp\/v2\/posts\/501\/revisions\/1345"}],"wp:attachment":[{"href":"https:\/\/dejavnosti.fmalgaja.si\/index.php?rest_route=%2Fwp%2Fv2%2Fmedia&parent=501"}],"wp:term":[{"taxonomy":"category","embeddable":true,"href":"https:\/\/dejavnosti.fmalgaja.si\/index.php?rest_route=%2Fwp%2Fv2%2Fcategories&post=501"},{"taxonomy":"post_tag","embeddable":true,"href":"https:\/\/dejavnosti.fmalgaja.si\/index.php?rest_route=%2Fwp%2Fv2%2Ftags&post=501"}],"curies":[{"name":"wp","href":"https:\/\/api.w.org\/{rel}","templated":true}]}}